{"id":124225,"date":"2026-02-06T12:08:07","date_gmt":"2026-02-06T12:08:07","guid":{"rendered":"https:\/\/www.europesays.com\/lv\/124225\/"},"modified":"2026-02-06T12:08:07","modified_gmt":"2026-02-06T12:08:07","slug":"atklajot-20-gadsimta-sakuma-makslinieka-dzives-hroniku-lente-lv","status":"publish","type":"post","link":"https:\/\/www.europesays.com\/lv\/124225\/","title":{"rendered":"Atkl\u0101jot 20. gadsimta s\u0101kuma m\u0101kslinieka dz\u012bves hroniku\u00a0\u2014\u00a0Lente.lv"},"content":{"rendered":"<p>M\u0101kslinieka domas un p\u0101rdomas<\/p>\n<p>Vai esat aizdom\u0101ju\u0161ies, ko sav\u0101s dienasgr\u0101mat\u0101s pierakst\u012bja J\u0101zeps Grosvalds, viens no klasisk\u0101 modernisma aizs\u0101c\u0113jiem Latvijas m\u0101ksl\u0101? K\u0101 inform\u0113 Latvijas Sabiedriskie Mediji, Grosvalds pats savas dienasgr\u0101matas ies\u0101cis ar v\u0101rdiem: &#8220;Esmu tik daudz un s\u012bki rakst\u012bjis t\u0101p\u0113c, ka vienm\u0113r bij&#8217; daudz laika un nek\u0101 cita ko dar\u012bt.&#8221; Tom\u0113r, apl\u016bkojot r\u016bp\u012bgi noform\u0113t\u0101s burtn\u012bcas, kur\u0101s retu k\u013c\u016bdu vai sv\u012btrojumu d\u0113\u013c nav redzama neuzman\u012bba, radies iespaids, ka jaunajam m\u0101ksliniekam darbu netr\u016bcis. Starp studij\u0101m, rado\u0161o darbu un akt\u012bvo sabiedrisko dz\u012bvi vi\u0146\u0161 alla\u017e atradis laiku, lai fiks\u0113tu dienas svar\u012bg\u0101kos notikumus un savas p\u0101rdomas.<\/p>\n<p>Bag\u0101t\u012bgais rakstiskais mantojums<\/p>\n<p>Neatvair\u0101mi interesantas un v\u0113rt\u012bgas ir J\u0101zepa Grosvalda dienasgr\u0101matas, kuras kop\u0101 ar daudzaj\u0101m v\u0113stul\u0113m br\u0101lim O\u013c\u0123erdam veido noz\u012bm\u012bgu da\u013cu vi\u0146a mantojuma Latvijas Nacion\u0101l\u0101 m\u0101kslas muzeja kr\u0101jum\u0101. \u0160\u012bs rakst\u012bt\u0101s liec\u012bbas, kas saglab\u0101ju\u0161\u0101s daudz piln\u012bg\u0101k nek\u0101 jebkuram citam 20. gadsimta latvie\u0161u m\u0101ksliniekam, sniedz detaliz\u0113tu 20. gadsimta s\u0101kuma jaunie\u0161a dz\u012bves hroniku. Skaidraj\u0101 un gl\u012btaj\u0101 rokrakst\u0101 atkl\u0101jas ne tikai m\u0101kslinieka ikdiena, bet ar\u012b vi\u0146a satiktie cilv\u0113ki, ce\u013cojumu iespaidi un dzi\u013cas, person\u012bgas p\u0101rdomas. Da\u017e\u0101do valodu lietojums dienasgr\u0101mat\u0101s liecina par pla\u0161u Eiropas kult\u016bras panor\u0101mas p\u0101rzin\u0101\u0161anu.<\/p>\n<p>Dienasgr\u0101matas k\u0101 m\u0101kslas darbi<\/p>\n<p>J\u0101zepa Grosvalda dienasgr\u0101matas ir ne tikai v\u0113rt\u012bgs v\u0113stures un biogr\u0101fisks inform\u0101cijas avots, bet ar\u012b pa\u0161i par sevi uzskat\u0101mi par m\u0101kslas darbiem. M\u0101kslas v\u0113sturnieki atz\u012bm\u0113, ka \u0161\u012bs dienasgr\u0101matas ir unik\u0101las, jo t\u0101s atkl\u0101j m\u0101kslinieka emocion\u0101lo dabu \u2013 vi\u0146a sv\u0101rst\u012bg\u0101s emocijas, kas vienu dienu lika vi\u0146am b\u016bt depresij\u0101, bet citu \u2013 l\u012bksmot. \u0160ie pieraksti \u013cauj ieskat\u012bties pieaugo\u0161a jauna cilv\u0113ka dz\u012bv\u0113 un vi\u0146a pa\u0161aizv\u0113rt\u012bb\u0101, atkl\u0101jot gan domas par m\u0101kslu, gan par sevi. Autora r\u016bp\u012bgi izstr\u0101d\u0101t\u0101 sist\u0113ma, nosaucot s\u0113jumus, pievienojot numurus un monogrammas, da\u017ek\u0101rt pat fotoportretus, nor\u0101da uz \u012bpa\u0161o attieksmi pret \u0161o savu darbu.<\/p>\n<p>M\u016bsdienu v\u0113rt\u0113jums un izst\u0101des<\/p>\n<p>Lai gan dienasgr\u0101matas k\u0101 autobiogr\u0101fisks avots k\u0101du laiku tika uzskat\u012btas par neuzticam\u0101m, m\u016bsdien\u0101s p\u0113tnieki arvien vair\u0101k atz\u012bst to noz\u012bmi, jo t\u0101s sniedz inform\u0101ciju, kas citur nav atrodama. J\u0101zepa Grosvalda dienasgr\u0101matas, kas sarakst\u012btas no se\u0161padsmit gadu vecuma l\u012bdz pat m\u016b\u017ea galam, ir pla\u0161\u0101kais zin\u0101mais \u0161\u0101da veida mantojums, ko atst\u0101jis m\u0101kslinieks. T\u0101s ir apskat\u0101mas ar\u012b Latvijas Nacion\u0101l\u0101 m\u0101kslas muzeja izst\u0101d\u0113s, \u013caujot apmekl\u0113t\u0101jiem izjust sen pag\u0101ju\u0161\u0101 laikmeta atmosf\u0113ru un J\u0101zepa Grosvalda person\u012bg\u0101s emocijas.<\/p>\n","protected":false},"excerpt":{"rendered":"M\u0101kslinieka domas un p\u0101rdomas Vai esat aizdom\u0101ju\u0161ies, ko sav\u0101s dienasgr\u0101mat\u0101s pierakst\u012bja J\u0101zeps Grosvalds, viens no klasisk\u0101 modernisma aizs\u0101c\u0113jiem&hellip;\n","protected":false},"author":2,"featured_media":124226,"comment_status":"","ping_status":"","sticky":false,"template":"","format":"standard","meta":{"footnotes":"","_share_on_mastodon":"0"},"categories":[19],"tags":[17464,89,90,28076,35,39,38,36,37,34,1432,40,28077,2753],"class_list":["post-124225","post","type-post","status-publish","format-standard","has-post-thumbnail","category-izklaide","tag-dienasgramatas","tag-entertainment","tag-izklaide","tag-jazeps-grosvalds","tag-latvia","tag-latvian","tag-latviesu","tag-latviesu-valoda","tag-latviesuvaloda","tag-latvija","tag-latvijas-maksla","tag-lv","tag-makslinieka-mantojums","tag-modernisms"],"share_on_mastodon":{"url":"https:\/\/pubeurope.com\/@lv\/116023610870350799","error":""},"_links":{"self":[{"href":"https:\/\/www.europesays.com\/lv\/wp-json\/wp\/v2\/posts\/124225","targetHints":{"allow":["GET"]}}],"collection":[{"href":"https:\/\/www.europesays.com\/lv\/wp-json\/wp\/v2\/posts"}],"about":[{"href":"https:\/\/www.europesays.com\/lv\/wp-json\/wp\/v2\/types\/post"}],"author":[{"embeddable":true,"href":"https:\/\/www.europesays.com\/lv\/wp-json\/wp\/v2\/users\/2"}],"replies":[{"embeddable":true,"href":"https:\/\/www.europesays.com\/lv\/wp-json\/wp\/v2\/comments?post=124225"}],"version-history":[{"count":0,"href":"https:\/\/www.europesays.com\/lv\/wp-json\/wp\/v2\/posts\/124225\/revisions"}],"wp:featuredmedia":[{"embeddable":true,"href":"https:\/\/www.europesays.com\/lv\/wp-json\/wp\/v2\/media\/124226"}],"wp:attachment":[{"href":"https:\/\/www.europesays.com\/lv\/wp-json\/wp\/v2\/media?parent=124225"}],"wp:term":[{"taxonomy":"category","embeddable":true,"href":"https:\/\/www.europesays.com\/lv\/wp-json\/wp\/v2\/categories?post=124225"},{"taxonomy":"post_tag","embeddable":true,"href":"https:\/\/www.europesays.com\/lv\/wp-json\/wp\/v2\/tags?post=124225"}],"curies":[{"name":"wp","href":"https:\/\/api.w.org\/{rel}","templated":true}]}}