{"id":124330,"date":"2026-02-06T14:34:07","date_gmt":"2026-02-06T14:34:07","guid":{"rendered":"https:\/\/www.europesays.com\/lv\/124330\/"},"modified":"2026-02-06T14:34:07","modified_gmt":"2026-02-06T14:34:07","slug":"varam-rosinatais-koncertzales-gors-ipasumtiesibu-modelis-valstij-51-rezeknei-49","status":"publish","type":"post","link":"https:\/\/www.europesays.com\/lv\/124330\/","title":{"rendered":"VARAM rosin\u0101tais koncertz\u0101les &#8220;Gors&#8221; \u012bpa\u0161umties\u012bbu modelis: valstij 51%, R\u0113zeknei 49%"},"content":{"rendered":"<p>K\u0101 a\u0123ent\u016bru LETA inform\u0113ja ministrij\u0101, modelis paredz, ka valsts ieg\u016bst 51% dom\u0101jamo da\u013cu no nekustam\u0101 \u012bpa\u0161uma Latgales v\u0113stniec\u012bbas &#8220;Gors&#8221;, k\u0101 ar\u012b 51% pa\u0161vald\u012bbas kapit\u0101lsabiedr\u012bbas SIA &#8220;Austrumlatvijas koncertz\u0101le&#8221; kapit\u0101la da\u013cu.<\/p>\n<p>Savuk\u0101rt R\u0113zeknes valstspils\u0113tas pa\u0161vald\u012bba saglab\u0101tu 49% gan no SIA &#8220;Austrumlatvijas koncertz\u0101le&#8221; da\u013c\u0101m, gan no &#8220;Gors&#8221; nekustam\u0101 \u012bpa\u0161uma, kas \u013cautu pa\u0161vald\u012bbai ar\u012b turpm\u0101k piedal\u012bties nekustam\u0101 \u012bpa\u0161uma un kapit\u0101lsabiedr\u012bbas p\u0101rvald\u012bb\u0101.<\/p>\n<p>Ministrij\u0101 nor\u0101da, ka izstr\u0101d\u0101tais modelis nodro\u0161in\u0101tu valsts iz\u0161\u0137iro\u0161u ietekmi kult\u016brpolitikas \u012bsteno\u0161an\u0101 Latgales re\u0123ion\u0101, vienlaikus saglab\u0101jot pa\u0161vald\u012bbas iesaisti valstspils\u0113tas kult\u016bras nori\u0161u organiz\u0113\u0161an\u0101 un koncertz\u0101les izmanto\u0161an\u0101.<\/p>\n<p>P\u0101rvald\u012bbas mode\u013ca mai\u0146a, p\u0113c ministrijas skaidrot\u0101, nepiecie\u0161ama saist\u012bb\u0101 ar R\u0113zeknes valstspils\u0113tas pa\u0161vald\u012bbas ierobe\u017eotaj\u0101m finansi\u0101laj\u0101m un institucion\u0101laj\u0101m iesp\u0113j\u0101m ilgtermi\u0146\u0101 nodro\u0161in\u0101t Latgales v\u0113stniec\u012bbas &#8220;Gors&#8221; stabilu un ilgtsp\u0113j\u012bgu darb\u012bbu atbilsto\u0161i valsts kult\u016brpolitikas nost\u0101dn\u0113m.<\/p>\n<p>\u0145emot v\u0113r\u0101 koncertz\u0101les nacion\u0101lo un re\u0123ion\u0101lo noz\u012bmi, nepiecie\u0161ams p\u0101rvald\u012bbas risin\u0101jums, kas mazin\u0101tu riskus, kas saist\u012bti ar pa\u0161vald\u012bbas politiskaj\u0101m un finan\u0161u sv\u0101rst\u012bb\u0101m, vienlaikus nodro\u0161inot profesion\u0101lu p\u0101rvald\u012bbu un kult\u016bras att\u012bst\u012bbu, nor\u0101da <a href=\"https:\/\/www.apollo.lv\/term\/567709\/varam\" class=\"topicLink\" target=\"_blank\" rel=\"nofollow noopener\">VARAM<\/a>.<\/p>\n","protected":false},"excerpt":{"rendered":"K\u0101 a\u0123ent\u016bru LETA inform\u0113ja ministrij\u0101, modelis paredz, ka valsts ieg\u016bst 51% dom\u0101jamo da\u013cu no nekustam\u0101 \u012bpa\u0161uma Latgales v\u0113stniec\u012bbas&hellip;\n","protected":false},"author":2,"featured_media":124331,"comment_status":"","ping_status":"","sticky":false,"template":"","format":"standard","meta":{"footnotes":""},"categories":[12],"tags":[23,28,29,32,33,3406,22,30,31,35,39,38,36,37,34,40,20,26,27,167,24,25,3493,21],"class_list":{"0":"post-124330","1":"post","2":"type-post","3":"status-publish","4":"format-standard","5":"has-post-thumbnail","7":"category-latvija","8":"tag-aktualitates","9":"tag-breaking-news","10":"tag-breakingnews","11":"tag-featured-news","12":"tag-featurednews","13":"tag-gors","14":"tag-headlines","15":"tag-latest-news","16":"tag-latestnews","17":"tag-latvia","18":"tag-latvian","19":"tag-latviesu","20":"tag-latviesu-valoda","21":"tag-latviesuvaloda","22":"tag-latvija","23":"tag-lv","24":"tag-news","25":"tag-popularakas-zinas","26":"tag-popularakaszinas","27":"tag-rezekne","28":"tag-top-stories","29":"tag-topstories","30":"tag-varam","31":"tag-zinas"},"share_on_mastodon":{"url":"https:\/\/pubeurope.com\/@lv\/116024184879109158","error":""},"_links":{"self":[{"href":"https:\/\/www.europesays.com\/lv\/wp-json\/wp\/v2\/posts\/124330","targetHints":{"allow":["GET"]}}],"collection":[{"href":"https:\/\/www.europesays.com\/lv\/wp-json\/wp\/v2\/posts"}],"about":[{"href":"https:\/\/www.europesays.com\/lv\/wp-json\/wp\/v2\/types\/post"}],"author":[{"embeddable":true,"href":"https:\/\/www.europesays.com\/lv\/wp-json\/wp\/v2\/users\/2"}],"replies":[{"embeddable":true,"href":"https:\/\/www.europesays.com\/lv\/wp-json\/wp\/v2\/comments?post=124330"}],"version-history":[{"count":0,"href":"https:\/\/www.europesays.com\/lv\/wp-json\/wp\/v2\/posts\/124330\/revisions"}],"wp:featuredmedia":[{"embeddable":true,"href":"https:\/\/www.europesays.com\/lv\/wp-json\/wp\/v2\/media\/124331"}],"wp:attachment":[{"href":"https:\/\/www.europesays.com\/lv\/wp-json\/wp\/v2\/media?parent=124330"}],"wp:term":[{"taxonomy":"category","embeddable":true,"href":"https:\/\/www.europesays.com\/lv\/wp-json\/wp\/v2\/categories?post=124330"},{"taxonomy":"post_tag","embeddable":true,"href":"https:\/\/www.europesays.com\/lv\/wp-json\/wp\/v2\/tags?post=124330"}],"curies":[{"name":"wp","href":"https:\/\/api.w.org\/{rel}","templated":true}]}}