{"id":124336,"date":"2026-02-06T14:40:07","date_gmt":"2026-02-06T14:40:07","guid":{"rendered":"https:\/\/www.europesays.com\/lv\/124336\/"},"modified":"2026-02-06T14:40:07","modified_gmt":"2026-02-06T14:40:07","slug":"rail-baltica-pargajis-buvniecibas-faze-visas-tris-baltijas-valstis","status":"publish","type":"post","link":"https:\/\/www.europesays.com\/lv\/124336\/","title":{"rendered":"&#8220;Rail Baltica&#8221; p\u0101rg\u0101jis b\u016bvniec\u012bbas f\u0101z\u0113 vis\u0101s tr\u012bs Baltijas valst\u012bs"},"content":{"rendered":"<p>&#8220;RB Rail&#8221; vad\u012bt\u0101js ar\u012b uzsv\u0113ra, ka ilgtermi\u0146a stabilit\u0101te Eiropas infrastrukt\u016bras savieno\u0161anas instrument\u0101 (CEF) ir b\u016btiska, lai nodro\u0161in\u0101tu projekta \u012bsteno\u0161anu un nov\u0113rstu turpm\u0101ku kav\u0113\u0161anos.<\/p>\n<p>Asambleja uzsv\u0113ra &#8220;Rail Baltica&#8221; noz\u012bmi k\u0101 vienu no galvenajiem Eiropas transporta t\u012bkla (TEN-T) pamatelementiem, kas veicina ekonomisko izaugsmi, re\u0123ion\u0101lo integr\u0101ciju, klimata m\u0113r\u0137u sasnieg\u0161anu un milit\u0101ro mobilit\u0101ti ES austrumu pierobe\u017e\u0101.<\/p>\n<p>Jau zi\u0146ots, ka atbilsto\u0161i &#8220;RB Rail&#8221; inform\u0101cijai &#8220;Rail Baltica&#8221; pirm\u0101s k\u0101rtas izmaksas Baltij\u0101 var\u0113tu sasniegt 14,3 miljardus eiro, no tiem Latvij\u0101 &#8211; 5,5 miljardus eiro, tom\u0113r ir iesp\u0113jams potenci\u0101ls ietaup\u012bjums l\u012bdz 500 miljoniem eiro no tehnisko risin\u0101jumu optimiz\u0101cijas, k\u0101 ar\u012b ir iesp\u0113jami citi ietaup\u012bjumi.<\/p>\n<p>Kop\u0113j\u0101s projekta izmaksas atbilsto\u0161i izmaksu un ieguvumu anal\u012bzei Baltij\u0101 var sasniegt 23,8 miljardus eiro. Iepriek\u0161\u0113j\u0101 izmaksu un ieguvumu anal\u012bz\u0113 2017. gad\u0101 tika l\u0113sts, ka projekts kopum\u0101 izmaks\u0101s 5,8 miljardus eiro.<\/p>\n<p>&#8220;Rail Baltica&#8221; projekts paredz izveidot Eiropas standarta slie\u017eu platuma dzelzce\u013ca l\u012bniju no Tallinas l\u012bdz Lietuvas un Polijas robe\u017eai, lai t\u0101l\u0101k ar dzelzce\u013cu Baltijas valstis b\u016btu iesp\u0113jams savienot ar cit\u0101m Eiropas valst\u012bm. Baltijas valst\u012bs pl\u0101nots izb\u016bv\u0113t jaunu, 870 kilometru garu Eiropas slie\u017eu platuma (1435 mm) dzelzce\u013ca l\u012bniju ar vilcienu maksim\u0101lo \u0101trumu 240 kilometri stund\u0101.<\/p>\n","protected":false},"excerpt":{"rendered":"&#8220;RB Rail&#8221; vad\u012bt\u0101js ar\u012b uzsv\u0113ra, ka ilgtermi\u0146a stabilit\u0101te Eiropas infrastrukt\u016bras savieno\u0161anas instrument\u0101 (CEF) ir b\u016btiska, lai nodro\u0161in\u0101tu projekta&hellip;\n","protected":false},"author":2,"featured_media":124337,"comment_status":"","ping_status":"","sticky":false,"template":"","format":"standard","meta":{"footnotes":""},"categories":[12],"tags":[23,28,29,32,33,22,30,31,35,39,38,36,37,34,40,20,26,27,948,24,25,4882,21],"class_list":{"0":"post-124336","1":"post","2":"type-post","3":"status-publish","4":"format-standard","5":"has-post-thumbnail","7":"category-latvija","8":"tag-aktualitates","9":"tag-breaking-news","10":"tag-breakingnews","11":"tag-featured-news","12":"tag-featurednews","13":"tag-headlines","14":"tag-latest-news","15":"tag-latestnews","16":"tag-latvia","17":"tag-latvian","18":"tag-latviesu","19":"tag-latviesu-valoda","20":"tag-latviesuvaloda","21":"tag-latvija","22":"tag-lv","23":"tag-news","24":"tag-popularakas-zinas","25":"tag-popularakaszinas","26":"tag-rail-baltica","27":"tag-top-stories","28":"tag-topstories","29":"tag-transports-un-logistika","30":"tag-zinas"},"share_on_mastodon":{"url":"https:\/\/pubeurope.com\/@lv\/116024208634967736","error":""},"_links":{"self":[{"href":"https:\/\/www.europesays.com\/lv\/wp-json\/wp\/v2\/posts\/124336","targetHints":{"allow":["GET"]}}],"collection":[{"href":"https:\/\/www.europesays.com\/lv\/wp-json\/wp\/v2\/posts"}],"about":[{"href":"https:\/\/www.europesays.com\/lv\/wp-json\/wp\/v2\/types\/post"}],"author":[{"embeddable":true,"href":"https:\/\/www.europesays.com\/lv\/wp-json\/wp\/v2\/users\/2"}],"replies":[{"embeddable":true,"href":"https:\/\/www.europesays.com\/lv\/wp-json\/wp\/v2\/comments?post=124336"}],"version-history":[{"count":0,"href":"https:\/\/www.europesays.com\/lv\/wp-json\/wp\/v2\/posts\/124336\/revisions"}],"wp:featuredmedia":[{"embeddable":true,"href":"https:\/\/www.europesays.com\/lv\/wp-json\/wp\/v2\/media\/124337"}],"wp:attachment":[{"href":"https:\/\/www.europesays.com\/lv\/wp-json\/wp\/v2\/media?parent=124336"}],"wp:term":[{"taxonomy":"category","embeddable":true,"href":"https:\/\/www.europesays.com\/lv\/wp-json\/wp\/v2\/categories?post=124336"},{"taxonomy":"post_tag","embeddable":true,"href":"https:\/\/www.europesays.com\/lv\/wp-json\/wp\/v2\/tags?post=124336"}],"curies":[{"name":"wp","href":"https:\/\/api.w.org\/{rel}","templated":true}]}}