{"id":124350,"date":"2026-02-06T14:54:10","date_gmt":"2026-02-06T14:54:10","guid":{"rendered":"https:\/\/www.europesays.com\/lv\/124350\/"},"modified":"2026-02-06T14:54:10","modified_gmt":"2026-02-06T14:54:10","slug":"noskaties-zorzs-siksna-un-koris-maska-ieraksta-jaunu-singlu-ballejam-negulam-santa","status":"publish","type":"post","link":"https:\/\/www.europesays.com\/lv\/124350\/","title":{"rendered":"Noskaties! \u017dor\u017es Siksna un koris\u00a0Maska\u00a0ieraksta jaunu singlu \u2013 Ball\u0113jam, negu\u013cam \u2014 Santa"},"content":{"rendered":"<p>\u00abMan k\u0101 aran\u017eijas autoram bija aizraujo\u0161s uzdevums \u2013\u00a0iedot \u0161ai dziesmai jaunu elpu,\u00a0apvienot estr\u0101des un kino m\u016bzikas elementus ar kora un solista skan\u0113jumu. \u012apa\u0161s prieks, ka \u017dor\u017es Siksna, or\u0137estra <a data-id=\"124513\" href=\"https:\/\/www.santa.lv\/tema\/124513\/muziki?utm_source=internal&amp;utm_medium=article&amp;utm_campaign=theme_link\" target=\"_blank\" rel=\"nofollow noopener\">m\u016bzi\u0137i<\/a> un koris Maska\u00a0\u0161o ideju atdz\u012bvin\u0101ja tik spilgti un ener\u0123iski. Priec\u0101jos, ka klaus\u012bt\u0101ji Me\u017eapark\u0101 to uz\u0146\u0113ma ar t\u0101du saj\u016bsmu un\u00a0komanda \u0161o aran\u017eiju izdos k\u0101 singlu, tas man ir liels gods un apliecina, ka eksperimenti m\u016bzik\u0101 var p\u0101rv\u0113rsties par \u012bstiem sv\u0113tkiem,\u00bb\u00a0st\u0101sta J\u0101nis Ivu\u0161k\u0101ns.<\/p>\n<p>Ball\u0113jam, negu\u013cam\u00a0\u017dor\u017ea Siksnas izpild\u012bjum\u0101 pirmo reizi izskan\u0113ja\u00a04. Lielais Koncerts Me\u017eapark\u0101 pag\u0101ju\u0161\u0101 gada vasaras s\u0101kum\u0101, kur publikas atsauc\u012bba bija grandioza \u2013 skat\u012bt\u0101ji dziesmu sagaid\u012bja ar ov\u0101cij\u0101m, dzied\u0101ja l\u012bdzi un bija patiesi p\u0101rsteigti par \u017dor\u017ea Siksnas drosm\u012bgo eksperimentu.<\/p>\n<p>\u00ab\u0145emot v\u0113r\u0101 milz\u012bgo skat\u012bt\u0101ju saj\u016bsmu, tika nolemts dziesmu\u00a0ierakst\u012bt un izdot k\u0101 singlu. T\u0101 atk\u0101rtoti skan\u0113s ar\u012b gaid\u0101maj\u0101\u00a0jubilejas koncert\u0101 \u2013 5. Lielais Koncerts. T\u0101d\u0101 veid\u0101 m\u0113s turpinam priec\u0113t klaus\u012bt\u0101jus ar neparast\u0101m sadarb\u012bb\u0101m un dodam jaunu elpu jau paz\u012bstam\u0101m dziesm\u0101m,\u00bb\u00a0skaidro El\u012bna Z\u0101l\u012bte-Saulriete, Lielais Koncerts vad\u012bt\u0101ja.<\/p>\n<p>Vasaras s\u0101kum\u0101, 30. maij\u0101, Me\u017eaparka Lielaj\u0101 estr\u0101d\u0113 Lielais Koncerts uz\u0146ems skat\u012bt\u0101jus ar pavisam unik\u0101lu un \u012bpa\u0161u jubilejas programmu. Ar\u012b \u0161ogad grandiozie sadzied\u0101\u0161an\u0101s sv\u0113tki\u00a0pulc\u0113s t\u016bksto\u0161iem m\u016bzikas m\u012b\u013cot\u0101ju no visas Latvijas, sniedzot neatk\u0101rtojamu un Latvij\u0101 nebiju\u0161u koncertu pieredzi.\u00a0<\/p>\n<p>Ar jubilejas programmu Lielais Koncerts\u00a0d\u0101v\u0101s klaus\u012bt\u0101jiem gan iesp\u0113ju atgriezties skaist\u0101kajos mirk\u013cus no iepriek\u0161\u0113jiem gadiem, gan priec\u0113s ar pavisam jaun\u0101m aran\u017eij\u0101m un negaid\u012bt\u0101m muzik\u0101l\u0101m sadarb\u012bb\u0101m.<\/p>\n<p>Uz skatuves k\u0101ps izcil\u0101kie Latvijas m\u0101kslinieki \u2013\u00a0Intars Busulis, \u017dor\u017es Siksna, Aija Andrejeva, Aminata, Ods, grupas L\u012bvi, Instrumenti, Singap\u016bras Sat\u012bns\u00a0un v\u0113l daudzi citi, kuru v\u0101rdi tiks atkl\u0101ti, tuvojoties pas\u0101kumam.<\/p>\n<p>K\u0101 vienm\u0113r, galvenais koncerta dal\u012bbnieks b\u016bs\u00a0Latvij\u0101 liel\u0101kais skat\u012bt\u0101ju kopkoris, kas kop\u0101 ar \u012bpa\u0161o Lielais Koncerts bigbendu un st\u012bgu or\u0137estri\u00a0diri\u0123enta J\u0101\u0146a Ivu\u0161k\u0101na vad\u012bb\u0101\u00a0pie\u0161\u0137irs sv\u0113tkiem nep\u0101rsp\u0113jamu skan\u0113jumu un vienot\u012bbas saj\u016btu.<\/p>\n<p>Bi\u013cetes iesp\u0113jams ieg\u0101d\u0101ties vietn\u0113\u00a0<a href=\"http:\/\/www.lielaiskoncerts.lv\" target=\"_blank\" rel=\"nofollow noopener\">www.lielaiskoncerts.lv<\/a>.\u00a0Pied\u0101v\u0101jum\u0101 ir st\u0101vvietas un da\u017e\u0101di s\u0113dvietu veidi \u2013 ar\u012b VIP zonas bi\u013cetes ar \u012bpa\u0161\u0101m \u0113rt\u012bb\u0101m amfite\u0101tra aug\u0161\u0113j\u0101s rind\u0101s zem jumta un ieeju ofici\u0101laj\u0101 jubilejas afterparty. Vietu skaits ir ierobe\u017eots, t\u0101d\u0113\u013c organizatori aicina bi\u013cetes ieg\u0101d\u0101ties savlaic\u012bgi.<\/p>\n<p>Iepriek\u0161\u0113jo gadu koncertu ieraksti, k\u0101 ar\u012b dokument\u0101l\u0101 filma par\u00a0Liel\u0101 Koncerta\u00a0tap\u0161anu<br \/>&#13;<br \/>\nskat\u0101ma\u00a0<a href=\"https:\/\/www.santa.lv\/raksts\/klubs\/foto-visi-dziedaja-lidzi--ar-iespaidigu-sovu-izskanejis-4.lielais-koncerts-mezaparka-74513\/\" target=\"_blank\" class=\"local-link\" data-type=\"article\" data-id=\"74513\" data-bind=\"article-preview\" tabindex=\"1\" rel=\"nofollow noopener\">LMT Viedtelev\u012bzij\u0101<\/a>.<\/p>\n","protected":false},"excerpt":{"rendered":"\u00abMan k\u0101 aran\u017eijas autoram bija aizraujo\u0161s uzdevums \u2013\u00a0iedot \u0161ai dziesmai jaunu elpu,\u00a0apvienot estr\u0101des un kino m\u016bzikas elementus ar&hellip;\n","protected":false},"author":2,"featured_media":124351,"comment_status":"","ping_status":"","sticky":false,"template":"","format":"standard","meta":{"footnotes":""},"categories":[19],"tags":[89,90,35,39,38,36,37,34,40],"class_list":{"0":"post-124350","1":"post","2":"type-post","3":"status-publish","4":"format-standard","5":"has-post-thumbnail","7":"category-izklaide","8":"tag-entertainment","9":"tag-izklaide","10":"tag-latvia","11":"tag-latvian","12":"tag-latviesu","13":"tag-latviesu-valoda","14":"tag-latviesuvaloda","15":"tag-latvija","16":"tag-lv"},"share_on_mastodon":{"url":"https:\/\/pubeurope.com\/@lv\/116024263531248546","error":""},"_links":{"self":[{"href":"https:\/\/www.europesays.com\/lv\/wp-json\/wp\/v2\/posts\/124350","targetHints":{"allow":["GET"]}}],"collection":[{"href":"https:\/\/www.europesays.com\/lv\/wp-json\/wp\/v2\/posts"}],"about":[{"href":"https:\/\/www.europesays.com\/lv\/wp-json\/wp\/v2\/types\/post"}],"author":[{"embeddable":true,"href":"https:\/\/www.europesays.com\/lv\/wp-json\/wp\/v2\/users\/2"}],"replies":[{"embeddable":true,"href":"https:\/\/www.europesays.com\/lv\/wp-json\/wp\/v2\/comments?post=124350"}],"version-history":[{"count":0,"href":"https:\/\/www.europesays.com\/lv\/wp-json\/wp\/v2\/posts\/124350\/revisions"}],"wp:featuredmedia":[{"embeddable":true,"href":"https:\/\/www.europesays.com\/lv\/wp-json\/wp\/v2\/media\/124351"}],"wp:attachment":[{"href":"https:\/\/www.europesays.com\/lv\/wp-json\/wp\/v2\/media?parent=124350"}],"wp:term":[{"taxonomy":"category","embeddable":true,"href":"https:\/\/www.europesays.com\/lv\/wp-json\/wp\/v2\/categories?post=124350"},{"taxonomy":"post_tag","embeddable":true,"href":"https:\/\/www.europesays.com\/lv\/wp-json\/wp\/v2\/tags?post=124350"}],"curies":[{"name":"wp","href":"https:\/\/api.w.org\/{rel}","templated":true}]}}