{"id":124354,"date":"2026-02-06T14:59:07","date_gmt":"2026-02-06T14:59:07","guid":{"rendered":"https:\/\/www.europesays.com\/lv\/124354\/"},"modified":"2026-02-06T14:59:07","modified_gmt":"2026-02-06T14:59:07","slug":"igaunijas-pilsoni-liepaja-meginajusi-aizdedzinat-maju-un-masinu","status":"publish","type":"post","link":"https:\/\/www.europesays.com\/lv\/124354\/","title":{"rendered":"Igaunijas pilso\u0146i Liep\u0101j\u0101 m\u0113\u0123in\u0101ju\u0161i aizdedzin\u0101t m\u0101ju un ma\u0161\u012bnu"},"content":{"rendered":"<p>Pag\u0101ju\u0161\u0101 gada 2. j\u016bnij\u0101 policij\u0101 s\u0101kts krimin\u0101lprocess par m\u0113\u0123in\u0101jumu aizdedzin\u0101t k\u0101da liep\u0101jnieka \u012bpa\u0161umu. Ap plkst. 6.20 Liep\u0101j\u0101 personas mask\u0101 un cimdos meta pudeles ar, iesp\u0113jams, degmais\u012bjumu. Viena pudele iemesta uz \u0113kas balkona, bet otra &#8211; pie \u0113kas novietot\u0101s automa\u0161\u012bnas. Uz balkona uzmest\u0101 pudele neaizdeg\u0101s, savuk\u0101rt pret automa\u0161\u012bnu mest\u0101 pudele atsit\u0101s pret riepu un aizdeg\u0101s uz asfalta.<\/p>\n<p>21. j\u016bnij\u0101 VP Dienvidkurzemes iecirk\u0146a Izmekl\u0113\u0161anas noda\u013cas amatpersonas aiztur\u0113ja divus Igaunijas pilso\u0146us, kuri bija ieradu\u0161ies atk\u0101rtoti adres\u0113 ar iepriek\u0161 sagatavot\u0101m div\u0101m pudel\u0113m, kur\u0101s iek\u0161\u0101 bija \u0161\u0137idrums un lupatas. Savuk\u0101rt tre\u0161aj\u0101 pudel\u0113 bija \u0161\u0137idrums, ar kuru vi\u0146i apl\u0113ja automa\u0161\u012bnu, p\u0113c k\u0101 personas tika p\u0101rtvertas un aiztur\u0113tas.<\/p>\n<p>Likumsargi n\u0101kamaj\u0101 dien\u0101 v\u0113rs\u0101s ties\u0101 ar l\u016bgumu ab\u0101m person\u0101m k\u0101 dro\u0161\u012bbas l\u012bdzekli piem\u0113rot apcietin\u0101jumu, kas st\u0101jies sp\u0113k\u0101. Krimin\u0101lproces\u0101 tika noz\u012bm\u0113ta ekspert\u012bze, lai noteiktu pudel\u0113s eso\u0161o \u0161\u0137idrumu, un ekspert\u012bzes atzinum\u0101 konstat\u0113ts, ka tas bija benz\u012bns.<\/p>\n<p>Aiztur\u0113t\u0101s personas jau iepriek\u0161 ir non\u0101ku\u0161as policijas redzeslok\u0101 Igaunij\u0101 un izcietu\u0161as sodu ieslodz\u012bjuma viet\u0101. Policijas redzeslok\u0101 vi\u0146i non\u0101ku\u0161i par miesas boj\u0101jumu nodar\u012b\u0161anu, k\u0101 ar\u012b par noziegumiem, kas saist\u012bti ar narkotisko vielu un \u0161aujamiero\u010du nelikum\u012bgu apriti.<\/p>\n<p>VP amatpersonas ir pabeigu\u0161as izmekl\u0113\u0161anu krimin\u0101lproces\u0101 par sve\u0161as mantas t\u012b\u0161u izn\u012bcin\u0101\u0161anu vai boj\u0101\u0161anu, ja t\u0101 izdar\u012bta ar dedzin\u0101\u0161anu. Saska\u0146\u0101 ar Krimin\u0101llikumu par \u0161\u0101du noziedz\u012bgu nodar\u012bjumu soda ar br\u012bv\u012bbas at\u0146em\u0161anu uz laiku l\u012bdz desmit gadiem un ar prob\u0101cijas uzraudz\u012bbu uz laiku l\u012bdz trim gadiem vai bez t\u0101s. Soda apm\u0113ru noteiks tiesa.<\/p>\n<p>Krimin\u0101llietas materi\u0101li ir nos\u016bt\u012bti prokurat\u016brai krimin\u0101lvaj\u0101\u0161anas s\u0101k\u0161anai.<\/p>\n","protected":false},"excerpt":{"rendered":"Pag\u0101ju\u0161\u0101 gada 2. j\u016bnij\u0101 policij\u0101 s\u0101kts krimin\u0101lprocess par m\u0113\u0123in\u0101jumu aizdedzin\u0101t k\u0101da liep\u0101jnieka \u012bpa\u0161umu. Ap plkst. 6.20 Liep\u0101j\u0101 personas&hellip;\n","protected":false},"author":2,"featured_media":124355,"comment_status":"","ping_status":"","sticky":false,"template":"","format":"standard","meta":{"footnotes":""},"categories":[5],"tags":[23,28,29,32,33,22,30,31,35,39,38,36,37,34,40,20,163,26,27,24,25,138,21],"class_list":{"0":"post-124354","1":"post","2":"type-post","3":"status-publish","4":"format-standard","5":"has-post-thumbnail","7":"category-aktualitates","8":"tag-aktualitates","9":"tag-breaking-news","10":"tag-breakingnews","11":"tag-featured-news","12":"tag-featurednews","13":"tag-headlines","14":"tag-latest-news","15":"tag-latestnews","16":"tag-latvia","17":"tag-latvian","18":"tag-latviesu","19":"tag-latviesu-valoda","20":"tag-latviesuvaloda","21":"tag-latvija","22":"tag-lv","23":"tag-news","24":"tag-policija","25":"tag-popularakas-zinas","26":"tag-popularakaszinas","27":"tag-top-stories","28":"tag-topstories","29":"tag-valsts-policija","30":"tag-zinas"},"share_on_mastodon":{"url":"https:\/\/pubeurope.com\/@lv\/116024283196602911","error":""},"_links":{"self":[{"href":"https:\/\/www.europesays.com\/lv\/wp-json\/wp\/v2\/posts\/124354","targetHints":{"allow":["GET"]}}],"collection":[{"href":"https:\/\/www.europesays.com\/lv\/wp-json\/wp\/v2\/posts"}],"about":[{"href":"https:\/\/www.europesays.com\/lv\/wp-json\/wp\/v2\/types\/post"}],"author":[{"embeddable":true,"href":"https:\/\/www.europesays.com\/lv\/wp-json\/wp\/v2\/users\/2"}],"replies":[{"embeddable":true,"href":"https:\/\/www.europesays.com\/lv\/wp-json\/wp\/v2\/comments?post=124354"}],"version-history":[{"count":0,"href":"https:\/\/www.europesays.com\/lv\/wp-json\/wp\/v2\/posts\/124354\/revisions"}],"wp:featuredmedia":[{"embeddable":true,"href":"https:\/\/www.europesays.com\/lv\/wp-json\/wp\/v2\/media\/124355"}],"wp:attachment":[{"href":"https:\/\/www.europesays.com\/lv\/wp-json\/wp\/v2\/media?parent=124354"}],"wp:term":[{"taxonomy":"category","embeddable":true,"href":"https:\/\/www.europesays.com\/lv\/wp-json\/wp\/v2\/categories?post=124354"},{"taxonomy":"post_tag","embeddable":true,"href":"https:\/\/www.europesays.com\/lv\/wp-json\/wp\/v2\/tags?post=124354"}],"curies":[{"name":"wp","href":"https:\/\/api.w.org\/{rel}","templated":true}]}}