{"id":124356,"date":"2026-02-06T15:00:25","date_gmt":"2026-02-06T15:00:25","guid":{"rendered":"https:\/\/www.europesays.com\/lv\/124356\/"},"modified":"2026-02-06T15:00:25","modified_gmt":"2026-02-06T15:00:25","slug":"kas-tas-tads-jeb-jancigakie-terpi-grammy-ceremonija","status":"publish","type":"post","link":"https:\/\/www.europesays.com\/lv\/124356\/","title":{"rendered":"&#8220;Kas tas t\u0101ds?&#8221; jeb janc\u012bg\u0101kie t\u0113rpi &#8220;Grammy&#8221; ceremonij\u0101"},"content":{"rendered":"<p>Ja \u0161\u0137iet, ka \u201cGrammy\u201d sarkanais pakl\u0101js ir vieta tikai grezn\u0101m kleit\u0101m, &#8211; t\u0101 nav taisn\u012bba! Kost\u012bmi un t\u0113li, kas vair\u0101k atg\u0101din\u0101ja m\u0101kslas instal\u0101cijas nek\u0101 vakart\u0113rpus, lika uzdot vienu jaut\u0101jumu \u2013 vai \u0161\u012b ir ceremonija vai performance? Da\u017ei m\u0101kslinieki izskat\u012bj\u0101s k\u0101 izb\u0113gu\u0161i no pasaku me\u017ea, citi \u2013 no zin\u0101tnisk\u0101s fantastikas filmas vai pop\u0101rta komiksa lappus\u0113m. \u0160ie t\u0113rpi necent\u0101s izpatikt, tie cent\u0101s tikt paman\u012bti, un tas tiem izdev\u0101s ar uzviju. L\u016bk, \u201cGrammy\u201d vakara janc\u012bg\u0101kie un visvair\u0101k apspriestie t\u0113li, kas pier\u0101d\u012bja \u2013 sarkanais pakl\u0101js ir ar\u012b rota\u013cu laukums drosm\u012bgajiem.<\/p>\n","protected":false},"excerpt":{"rendered":"Ja \u0161\u0137iet, ka \u201cGrammy\u201d sarkanais pakl\u0101js ir vieta tikai grezn\u0101m kleit\u0101m, &#8211; t\u0101 nav taisn\u012bba! Kost\u012bmi un t\u0113li,&hellip;\n","protected":false},"author":2,"featured_media":124357,"comment_status":"","ping_status":"","sticky":false,"template":"","format":"standard","meta":{"footnotes":""},"categories":[19],"tags":[89,12096,12638,90,35,39,38,36,37,34,40,175,5767],"class_list":{"0":"post-124356","1":"post","2":"type-post","3":"status-publish","4":"format-standard","5":"has-post-thumbnail","7":"category-izklaide","8":"tag-entertainment","9":"tag-grammy","10":"tag-grammy-awards","11":"tag-izklaide","12":"tag-latvia","13":"tag-latvian","14":"tag-latviesu","15":"tag-latviesu-valoda","16":"tag-latviesuvaloda","17":"tag-latvija","18":"tag-lv","19":"tag-mode","20":"tag-sarkanais-paklajs"},"share_on_mastodon":{"url":"https:\/\/pubeurope.com\/@lv\/116024287124570644","error":""},"_links":{"self":[{"href":"https:\/\/www.europesays.com\/lv\/wp-json\/wp\/v2\/posts\/124356","targetHints":{"allow":["GET"]}}],"collection":[{"href":"https:\/\/www.europesays.com\/lv\/wp-json\/wp\/v2\/posts"}],"about":[{"href":"https:\/\/www.europesays.com\/lv\/wp-json\/wp\/v2\/types\/post"}],"author":[{"embeddable":true,"href":"https:\/\/www.europesays.com\/lv\/wp-json\/wp\/v2\/users\/2"}],"replies":[{"embeddable":true,"href":"https:\/\/www.europesays.com\/lv\/wp-json\/wp\/v2\/comments?post=124356"}],"version-history":[{"count":0,"href":"https:\/\/www.europesays.com\/lv\/wp-json\/wp\/v2\/posts\/124356\/revisions"}],"wp:featuredmedia":[{"embeddable":true,"href":"https:\/\/www.europesays.com\/lv\/wp-json\/wp\/v2\/media\/124357"}],"wp:attachment":[{"href":"https:\/\/www.europesays.com\/lv\/wp-json\/wp\/v2\/media?parent=124356"}],"wp:term":[{"taxonomy":"category","embeddable":true,"href":"https:\/\/www.europesays.com\/lv\/wp-json\/wp\/v2\/categories?post=124356"},{"taxonomy":"post_tag","embeddable":true,"href":"https:\/\/www.europesays.com\/lv\/wp-json\/wp\/v2\/tags?post=124356"}],"curies":[{"name":"wp","href":"https:\/\/api.w.org\/{rel}","templated":true}]}}