{"id":124358,"date":"2026-02-06T15:01:03","date_gmt":"2026-02-06T15:01:03","guid":{"rendered":"https:\/\/www.europesays.com\/lv\/124358\/"},"modified":"2026-02-06T15:01:03","modified_gmt":"2026-02-06T15:01:03","slug":"foto-%e2%9f%a9-aparjodam-teicams-rezultats-pedeja-treninbrauciena-pirms-starta-olimpiskajas-speles","status":"publish","type":"post","link":"https:\/\/www.europesays.com\/lv\/124358\/","title":{"rendered":"FOTO \u27e9 Aparjodam teicams rezult\u0101ts p\u0113d\u0113j\u0101 treni\u0146braucien\u0101 pirms starta olimpiskaj\u0101s sp\u0113l\u0113s"},"content":{"rendered":"<p>Treni\u0146os sportisti iem\u0113\u0123ina trasi, tehniku un ekip\u0113jumu, un to rezult\u0101ti ne vienm\u0113r ir objekt\u012bvi, piem\u0113ram, iepriek\u0161\u0113j\u0101s dien\u0101s sp\u0113c\u012bg\u0101s V\u0101cijas izlases sportisti nebija \u0101tr\u0101ko vid\u016b.<\/p>\n<p>P\u0113d\u0113j\u0101 treni\u0146\u0101 gan tie\u0161i V\u0101cijas izlases sportists Makss Langenhans trasi veica vis\u0101tr\u0101k &#8211; 52,936 sekund\u0113s.<\/p>\n<p>Aparjods vi\u0146am zaud\u0113ja 0,235 sekundes, bet tre\u0161ais \u0101tr\u0101kais bija austrietis Volfgangs Kindls, kur\u0161 atpalika 0,277 sekundes. B\u0113rzi\u0146\u0161 bija 0,721 sekundi l\u0113n\u0101ks par Langenhanu.<\/p>\n<p>Olimpiskais \u010dempions kamani\u0146u sport\u0101 tiks noskaidrots \u010detru braucienu summ\u0101, tos aizvadot sestdien un sv\u0113tdien.<\/p>\n","protected":false},"excerpt":{"rendered":"Treni\u0146os sportisti iem\u0113\u0123ina trasi, tehniku un ekip\u0113jumu, un to rezult\u0101ti ne vienm\u0113r ir objekt\u012bvi, piem\u0113ram, iepriek\u0161\u0113j\u0101s dien\u0101s sp\u0113c\u012bg\u0101s&hellip;\n","protected":false},"author":2,"featured_media":124359,"comment_status":"","ping_status":"","sticky":false,"template":"","format":"standard","meta":{"footnotes":""},"categories":[17],"tags":[9921,12705,35,39,38,36,37,34,40,1500,67],"class_list":{"0":"post-124358","1":"post","2":"type-post","3":"status-publish","4":"format-standard","5":"has-post-thumbnail","7":"category-sports","8":"tag-kamaninas","9":"tag-kristers-aparjods","10":"tag-latvia","11":"tag-latvian","12":"tag-latviesu","13":"tag-latviesu-valoda","14":"tag-latviesuvaloda","15":"tag-latvija","16":"tag-lv","17":"tag-olimpiskas-speles","18":"tag-sports"},"share_on_mastodon":{"url":"https:\/\/pubeurope.com\/@lv\/116024291042354338","error":""},"_links":{"self":[{"href":"https:\/\/www.europesays.com\/lv\/wp-json\/wp\/v2\/posts\/124358","targetHints":{"allow":["GET"]}}],"collection":[{"href":"https:\/\/www.europesays.com\/lv\/wp-json\/wp\/v2\/posts"}],"about":[{"href":"https:\/\/www.europesays.com\/lv\/wp-json\/wp\/v2\/types\/post"}],"author":[{"embeddable":true,"href":"https:\/\/www.europesays.com\/lv\/wp-json\/wp\/v2\/users\/2"}],"replies":[{"embeddable":true,"href":"https:\/\/www.europesays.com\/lv\/wp-json\/wp\/v2\/comments?post=124358"}],"version-history":[{"count":0,"href":"https:\/\/www.europesays.com\/lv\/wp-json\/wp\/v2\/posts\/124358\/revisions"}],"wp:featuredmedia":[{"embeddable":true,"href":"https:\/\/www.europesays.com\/lv\/wp-json\/wp\/v2\/media\/124359"}],"wp:attachment":[{"href":"https:\/\/www.europesays.com\/lv\/wp-json\/wp\/v2\/media?parent=124358"}],"wp:term":[{"taxonomy":"category","embeddable":true,"href":"https:\/\/www.europesays.com\/lv\/wp-json\/wp\/v2\/categories?post=124358"},{"taxonomy":"post_tag","embeddable":true,"href":"https:\/\/www.europesays.com\/lv\/wp-json\/wp\/v2\/tags?post=124358"}],"curies":[{"name":"wp","href":"https:\/\/api.w.org\/{rel}","templated":true}]}}