{"id":12441,"date":"2025-10-04T18:13:07","date_gmt":"2025-10-04T18:13:07","guid":{"rendered":"https:\/\/www.europesays.com\/lv\/12441\/"},"modified":"2025-10-04T18:13:07","modified_gmt":"2025-10-04T18:13:07","slug":"francijas-gaisa-satiksmes-kontrolieri-tomer-nestreikos","status":"publish","type":"post","link":"https:\/\/www.europesays.com\/lv\/12441\/","title":{"rendered":"Francijas gaisa satiksmes kontrolieri tom\u0113r nestreikos"},"content":{"rendered":"<p>K\u0101 sestdien pazi\u0146oja Francijas liel\u0101k\u0101 gaisa satiksmes kontrolieru arodbiedr\u012bba SNCTA, p\u0113c konsult\u0101cij\u0101m ar Civil\u0101s avi\u0101cijas p\u0101rvaldi un vad\u012bbu, ar kuru esot pan\u0101kta vieno\u0161an\u0101s, ir aptur\u0113ts pieteikums par streiku, kas bija pl\u0101nots no otrdienas l\u012bdz ceturtdienai.<\/p>\n<p>Arodbiedr\u012bba, kas p\u0101rst\u0101v ap 60% nozar\u0113 str\u0101d\u0101jo\u0161o, v\u0113l\u0113j\u0101s lab\u0101ku darba samaksu un apst\u0101k\u013cus.<\/p>\n<p>Pazi\u0146ojum\u0101 ar\u012b atg\u0101din\u0101ts par premjerministra Sebastj\u0113na Lekorn\u012b sol\u012bjumu nevirz\u012bt savu taup\u012bbas bud\u017eetu bez balsojuma parlament\u0101, kas uzskat\u0101ms par b\u016btisku piek\u0101p\u0161anos opoz\u012bcijai.<\/p>\n<p>SNCTA paskaidroja, ka streiks atsaukts, jo &#8220;pan\u0101kts progress iek\u0161\u0113jos jaut\u0101jumos&#8221; un notiku\u0161as &#8220;mier\u012bgas diskusijas ar vis\u0101m iesaist\u012btaj\u0101m pus\u0113m&#8221;, ta\u010du detaliz\u0113t\u0101ku inform\u0101ciju arodbiedr\u012bba nesniedza, piebilstot, ka jaunu streiku izzi\u0146ot nav pl\u0101nots.<\/p>\n<p>S\u0101kotn\u0113ji Francijas gaisa satiksmes kontrolieri streiku pl\u0101noja septembr\u012b, bet to atlika l\u012bdz oktobrim.<\/p>\n<p>Arodbiedr\u012bbas streika iemesli bija s\u016bdz\u012bbas par gaisa satiksmes vad\u012bbas p\u0101rvald\u012bbu, kas ietverot &#8220;neuztic\u012bbu, sodu praksi un brut\u0101las vad\u012bbas metodes&#8221;, k\u0101 ar\u012b pras\u012bbu celt algas, \u0146emot v\u0113r\u0101 infl\u0101cijas ietekmi.<\/p>\n<p>Bija gaid\u0101ms, ka streiks b\u016btiski ietekm\u0113s lidojumus, \u012bpa\u0161i tos, kas \u0161\u0137\u0113rso Francijas gaisa telpu. Iepriek\u0161 l\u012bdz\u012bgu streiku d\u0113\u013c ir atcelti t\u016bksto\u0161iem lidojumu un radu\u0161\u0101s iev\u0113rojamas izmaksas avi\u0101cijas nozarei.<\/p>\n<p>\u012arijas zemo cenu lidsabiedr\u012bbas &#8220;Ryanair&#8221; vad\u012bt\u0101js Maikls O&#8217;L\u012brijs kritiz\u0113ja Eiropas Komisiju par nesp\u0113ju aizsarg\u0101t reisus, kas \u0161\u0137\u0113rso gaisa telpu nacion\u0101lu gaisa satiksmes kontrolieru streika laik\u0101.<\/p>\n","protected":false},"excerpt":{"rendered":"K\u0101 sestdien pazi\u0146oja Francijas liel\u0101k\u0101 gaisa satiksmes kontrolieru arodbiedr\u012bba SNCTA, p\u0113c konsult\u0101cij\u0101m ar Civil\u0101s avi\u0101cijas p\u0101rvaldi un vad\u012bbu,&hellip;\n","protected":false},"author":2,"featured_media":12442,"comment_status":"","ping_status":"","sticky":false,"template":"","format":"standard","meta":{"footnotes":""},"categories":[14],"tags":[23,57,1807,1805,28,29,32,33,22,30,31,35,39,38,36,37,34,40,20,26,27,4429,24,25,54,55,56,21,58],"class_list":{"0":"post-12441","1":"post","2":"type-post","3":"status-publish","4":"format-standard","5":"has-post-thumbnail","7":"category-zinas-no-arvalstim","8":"tag-aktualitates","9":"tag-arvalstim","10":"tag-avioindustrija","11":"tag-aviotransports","12":"tag-breaking-news","13":"tag-breakingnews","14":"tag-featured-news","15":"tag-featurednews","16":"tag-headlines","17":"tag-latest-news","18":"tag-latestnews","19":"tag-latvia","20":"tag-latvian","21":"tag-latviesu","22":"tag-latviesu-valoda","23":"tag-latviesuvaloda","24":"tag-latvija","25":"tag-lv","26":"tag-news","27":"tag-popularakas-zinas","28":"tag-popularakaszinas","29":"tag-ryanair","30":"tag-top-stories","31":"tag-topstories","32":"tag-world","33":"tag-world-news","34":"tag-worldnews","35":"tag-zinas","36":"tag-zinas-no-arvalstim"},"share_on_mastodon":{"url":"","error":""},"_links":{"self":[{"href":"https:\/\/www.europesays.com\/lv\/wp-json\/wp\/v2\/posts\/12441","targetHints":{"allow":["GET"]}}],"collection":[{"href":"https:\/\/www.europesays.com\/lv\/wp-json\/wp\/v2\/posts"}],"about":[{"href":"https:\/\/www.europesays.com\/lv\/wp-json\/wp\/v2\/types\/post"}],"author":[{"embeddable":true,"href":"https:\/\/www.europesays.com\/lv\/wp-json\/wp\/v2\/users\/2"}],"replies":[{"embeddable":true,"href":"https:\/\/www.europesays.com\/lv\/wp-json\/wp\/v2\/comments?post=12441"}],"version-history":[{"count":0,"href":"https:\/\/www.europesays.com\/lv\/wp-json\/wp\/v2\/posts\/12441\/revisions"}],"wp:featuredmedia":[{"embeddable":true,"href":"https:\/\/www.europesays.com\/lv\/wp-json\/wp\/v2\/media\/12442"}],"wp:attachment":[{"href":"https:\/\/www.europesays.com\/lv\/wp-json\/wp\/v2\/media?parent=12441"}],"wp:term":[{"taxonomy":"category","embeddable":true,"href":"https:\/\/www.europesays.com\/lv\/wp-json\/wp\/v2\/categories?post=12441"},{"taxonomy":"post_tag","embeddable":true,"href":"https:\/\/www.europesays.com\/lv\/wp-json\/wp\/v2\/tags?post=12441"}],"curies":[{"name":"wp","href":"https:\/\/api.w.org\/{rel}","templated":true}]}}