{"id":12515,"date":"2025-10-04T20:51:10","date_gmt":"2025-10-04T20:51:10","guid":{"rendered":"https:\/\/www.europesays.com\/lv\/12515\/"},"modified":"2025-10-04T20:51:10","modified_gmt":"2025-10-04T20:51:10","slug":"cehijas-parlamenta-velesanas-uzvarejusi-neapmierinato-pilsonu-akcija","status":"publish","type":"post","link":"https:\/\/www.europesays.com\/lv\/12515\/","title":{"rendered":"\u010cehijas parlamenta v\u0113l\u0113\u0161an\u0101s uzvar\u0113jusi &#8220;Neapmierin\u0101to pilso\u0146u akcija&#8221;"},"content":{"rendered":"<p>P\u0113c gandr\u012bz visu balsu saskait\u012b\u0161anas <a href=\"https:\/\/www.tvnet.lv\/term\/555576\/ano\" class=\"topicLink\" target=\"_blank\" rel=\"nofollow noopener\">ANO<\/a> ir ieguvusi 34,6% nobalsoju\u0161o atbalstu.<\/p>\n<p>L\u012bdz\u0161in\u0113j\u0101 premjerministra Petra Fialas vad\u012bt\u0101 koal\u012bcija &#8220;Spolu&#8221; (&#8220;Kop\u0101&#8221;), kur\u0101 apvienoju\u0161\u0101s tr\u012bs konservat\u012bv\u0101s partijas &#8211; premjera p\u0101rst\u0101v\u0113t\u0101 Pilsoniski demokr\u0101tisk\u0101 partija (ODS), krist\u012bgie demokr\u0101ti (KDU-\u010cSL) un liber\u0101li konservat\u012bv\u0101 partija TOP 09 &#8211; ierindojusies otraj\u0101 viet\u0101 ar 23,3% balsu.<\/p>\n<p>Liber\u0101li centrisk\u0101 partija &#8220;M\u0113ri un neatkar\u012bgie&#8221; (STAN), kas p\u0101rst\u0101v\u0113ta pa\u0161reiz\u0113j\u0101 prorietumnieciskaj\u0101 koal\u012bcij\u0101, sa\u0146\u0113musi 11,2% v\u0113l\u0113t\u0101ju atbalstu.<\/p>\n<p>8,9% savu balsi atdevu\u0161i par Pir\u0101tu partija, kas l\u012bdz\u0161in\u0113j\u0101 koal\u012bcij\u0101 atrad\u0101s l\u012bdz pag\u0101ju\u0161ajam gadam, savuk\u0101rt par gal\u0113ji lab\u0113jo partiju &#8220;Br\u012bv\u012bba un tie\u0161\u0101 demokr\u0101tija&#8221; (SPD), kuru vada skandalozais politi\u0137is Tomio Okamura, nobalsoju\u0161i 7,8% v\u0113l\u0113t\u0101ju.<\/p>\n<p>Lab\u0113ji populistisk\u0101 partija &#8220;Autobrauc\u0113ji sev&#8221; (AUTO), kas galvenok\u0101rt iest\u0101jas pret ES za\u013co kursu, kas paredz iek\u0161dedzes dzin\u0113ju izskau\u0161anu, sa\u0146\u0113musi 6,8% balsu, savuk\u0101rt kreiso ekstr\u0113mistu alianse &#8220;Sta\u010dilo!&#8221; (&#8220;Pietiek!&#8221;), kur\u0101 komunistu (KS\u010cM) vad\u012bb\u0101 apvienoju\u0161\u0101s vair\u0101kas margin\u0101las s\u012bkpartijas, nav p\u0101rvar\u0113jusi iek\u013c\u016b\u0161anai parlament\u0101 nepiecie\u0161amo 5% barjeru.<\/p>\n<p>Kopum\u0101 v\u0113l\u0113\u0161an\u0101s start\u0113ja 28 partijas.<\/p>\n<p>V\u0113l\u0113\u0161anu aktivit\u0101te bijusi 68,92%. Balssties\u012bbas ir 8,2 miljoniem \u010cehijas pilso\u0146u.<\/p>\n<p>Babi\u0161s sestdienas vakar\u0101 pauda prieku par &#8220;v\u0113sturisko rezult\u0101tu&#8221; un savas politisk\u0101s karjeras &#8220;piln\u012bgi noteikti augst\u0101ko punktu&#8221;.<\/p>\n","protected":false},"excerpt":{"rendered":"P\u0113c gandr\u012bz visu balsu saskait\u012b\u0161anas ANO ir ieguvusi 34,6% nobalsoju\u0161o atbalstu. L\u012bdz\u0161in\u0113j\u0101 premjerministra Petra Fialas vad\u012bt\u0101 koal\u012bcija &#8220;Spolu&#8221;&hellip;\n","protected":false},"author":2,"featured_media":12516,"comment_status":"","ping_status":"","sticky":false,"template":"","format":"standard","meta":{"footnotes":""},"categories":[5],"tags":[23,341,28,29,2561,32,33,22,30,31,35,39,38,36,37,34,40,20,26,27,24,25,21],"class_list":{"0":"post-12515","1":"post","2":"type-post","3":"status-publish","4":"format-standard","5":"has-post-thumbnail","7":"category-aktualitates","8":"tag-aktualitates","9":"tag-ano","10":"tag-breaking-news","11":"tag-breakingnews","12":"tag-cehija","13":"tag-featured-news","14":"tag-featurednews","15":"tag-headlines","16":"tag-latest-news","17":"tag-latestnews","18":"tag-latvia","19":"tag-latvian","20":"tag-latviesu","21":"tag-latviesu-valoda","22":"tag-latviesuvaloda","23":"tag-latvija","24":"tag-lv","25":"tag-news","26":"tag-popularakas-zinas","27":"tag-popularakaszinas","28":"tag-top-stories","29":"tag-topstories","30":"tag-zinas"},"share_on_mastodon":{"url":"","error":""},"_links":{"self":[{"href":"https:\/\/www.europesays.com\/lv\/wp-json\/wp\/v2\/posts\/12515","targetHints":{"allow":["GET"]}}],"collection":[{"href":"https:\/\/www.europesays.com\/lv\/wp-json\/wp\/v2\/posts"}],"about":[{"href":"https:\/\/www.europesays.com\/lv\/wp-json\/wp\/v2\/types\/post"}],"author":[{"embeddable":true,"href":"https:\/\/www.europesays.com\/lv\/wp-json\/wp\/v2\/users\/2"}],"replies":[{"embeddable":true,"href":"https:\/\/www.europesays.com\/lv\/wp-json\/wp\/v2\/comments?post=12515"}],"version-history":[{"count":0,"href":"https:\/\/www.europesays.com\/lv\/wp-json\/wp\/v2\/posts\/12515\/revisions"}],"wp:featuredmedia":[{"embeddable":true,"href":"https:\/\/www.europesays.com\/lv\/wp-json\/wp\/v2\/media\/12516"}],"wp:attachment":[{"href":"https:\/\/www.europesays.com\/lv\/wp-json\/wp\/v2\/media?parent=12515"}],"wp:term":[{"taxonomy":"category","embeddable":true,"href":"https:\/\/www.europesays.com\/lv\/wp-json\/wp\/v2\/categories?post=12515"},{"taxonomy":"post_tag","embeddable":true,"href":"https:\/\/www.europesays.com\/lv\/wp-json\/wp\/v2\/tags?post=12515"}],"curies":[{"name":"wp","href":"https:\/\/api.w.org\/{rel}","templated":true}]}}