{"id":12517,"date":"2025-10-04T21:05:08","date_gmt":"2025-10-04T21:05:08","guid":{"rendered":"https:\/\/www.europesays.com\/lv\/12517\/"},"modified":"2025-10-04T21:05:08","modified_gmt":"2025-10-04T21:05:08","slug":"jauns-albums-un-eiropas-koncertturneja-lente-lv","status":"publish","type":"post","link":"https:\/\/www.europesays.com\/lv\/12517\/","title":{"rendered":"jauns albums un Eiropas koncertturneja\u00a0\u2014\u00a0Lente.lv"},"content":{"rendered":"<p>Pianists Georgijs Osokins un Arvo P\u0113rta m\u016bzikas dzi\u013cums<\/p>\n<p>Latvie\u0161u pianists Georgijs Osokins, kur\u0161 paz\u012bstams ar savu spilgto interpret\u0101ciju un dzi\u013co izj\u016btu, ir laidis klaj\u0101 jaunu albumu \u201cFor Arvo\u201d, kas velt\u012bts igau\u0146u komponista Arvo P\u0113rta m\u016bzikai. \u0160is albums, kas tapis sadarb\u012bb\u0101 ar le\u0123end\u0101ro ierakstu komp\u0101niju Deutsche Grammophon, ir ne tikai velt\u012bjums P\u0113rta 90. jubilejai, bet ar\u012b Osokina person\u012bg\u0101s m\u016bzikas izpratnes atspogu\u013cojums. Osokins, kur\u0161 ir pirmais Baltijas pianists, kas nosl\u0113dzis ekskluz\u012bvu l\u012bgumu ar \u0161o presti\u017eo izdevniec\u012bbu, ar savu darbu ienes jaunu elpu P\u0113rta dai\u013crad\u0113, pied\u0101v\u0101jot klaus\u012bt\u0101jiem gan ori\u0123in\u0101ldarbus, gan pa\u0161a pianista veidotas transkripcijas. Tiek uzsv\u0113rts, ka album\u0101 ierakst\u012btais sniedz unik\u0101lu ska\u0146u, jo m\u016bzika atkl\u0101jas uz gadsimtu veca Blue Steinway klavieru vij\u012bg\u0101 un dzi\u013c\u0101 skan\u0113juma, \u013caujot izbaud\u012bt P\u0113rta kompoz\u012bciju nianses piln\u012bb\u0101.<\/p>\n<p>Arvo P\u0113rta unik\u0101lais m\u016bzikas valoda un Osokina interpret\u0101cija<\/p>\n<p>Arvo P\u0113rta m\u016bzika ir atpaz\u012bstama ar savu minim\u0101listisko stilu, ko vi\u0146\u0161 pats ir izveidojis un nosaucis par \u201ctintinnabuli\u201d jeb \u201cmaziem zvani\u0146iem\u201d. \u0160\u012b unik\u0101l\u0101 kompoz\u012bcijas tehnika, kas radusies 20. gadsimta 70. gados, apvieno gregori\u0101\u0146u dzied\u0101jumu un renesanses polifonijas elementus ar minim\u0101lismu, radot dzi\u013ci emocion\u0101lu un gar\u012bgu iespaidu. P\u0113rta m\u016bzikas \u201csirds\u201d mekl\u0113jama \u0161aj\u0101 vienk\u0101r\u0161\u012bb\u0101 un filozofiskaj\u0101 dzi\u013cum\u0101, kas sp\u0113j uzrun\u0101t pla\u0161u klaus\u012bt\u0101ju loku, neatkar\u012bgi no vi\u0146u muzik\u0101l\u0101s pieredzes. Georgijs Osokins, atz\u012bstot savu dzi\u013co saikni ar P\u0113rta dai\u013cradi, pied\u0101v\u0101 jaunas perspekt\u012bvas uz komponista darbiem. Vi\u0146a transkripcijas, piem\u0113ram, slavenajam ska\u0146darbam \u201cFratres\u201d, ne tikai atkl\u0101j P\u0113rta m\u016bzikas jaunas \u0161\u0137autnes, bet ar\u012b apliecina Osokina rado\u0161o integrit\u0101ti un sp\u0113ju dzi\u013ci iesaist\u012bties komponista rad\u012btaj\u0101 pasaul\u0113. Pianists cer ar \u0161o albumu iepaz\u012bstin\u0101t ar P\u0113rta m\u016bziku jaun\u0101ku paaudzi, k\u0101 ar\u012b pie\u0161\u0137irt jaunu gaismu gan zin\u0101m\u0101kajiem, gan maz\u0101k atkl\u0101tajiem P\u0113rta ska\u0146darbiem.<\/p>\n<p>P\u0113rta minim\u0101lisms un Osokina ce\u013cojums Eirop\u0101<\/p>\n<p>Arvo P\u0113rts, viens no visvair\u0101k atska\u0146otajiem dz\u012bvajiem komponistiem pasaul\u0113, savu rado\u0161o darb\u012bbu s\u0101cis ar modernistiskiem eksperimentiem, bet v\u0113l\u0101k piev\u0113rsies minim\u0101lismam, kas k\u013cuvis par vi\u0146a viz\u012btkarti. Vi\u0146a m\u016bzika, ko bie\u017ei vien ietekm\u0113ju\u0161i gregori\u0101\u0146u dzied\u0101jumi, ir k\u013cuvusi par m\u016bsdienu klasisk\u0101s m\u016bzikas neat\u0146emamu sast\u0101vda\u013cu. Georgija Osokina jaunais albums \u201cFor Arvo\u201d ir ne tikai studijas ieraksts, bet ar\u012b atsp\u0113riena punkts pla\u0161ai Eiropas koncertturnejai, kuras laik\u0101 pianists prezent\u0113s P\u0113rta m\u016bziku da\u017e\u0101d\u0101s pils\u0113t\u0101s.  \u0160\u012b turneja, kas piesk\u0101riens ar\u012b Latvijai, dod iesp\u0113ju klaus\u012bt\u0101jiem kl\u0101tien\u0113 baud\u012bt Osokina aizraujo\u0161\u0101s interpret\u0101cijas un izjust P\u0113rta m\u016bzikas emocion\u0101lo un gar\u012bgo sp\u0113ku. Album\u0101 iek\u013caut\u0101s kompoz\u012bcijas, s\u0101kot no P\u0113rta agr\u012bnaj\u0101m sonat\u012bn\u0101m un Partitu l\u012bdz pat vi\u0146a pirmajam tintinnabuli darbam \u201cF\u00fcr Alina\u201d, atspogu\u013co komponista rado\u0161o evol\u016bciju un mekl\u0113jumus. Osokina uzst\u0101\u0161an\u0101s nav tikai ska\u0146darbu atska\u0146o\u0161ana, bet gan jaunas m\u016bzikas dzim\u0161ana, kas piepild\u012bta ar klusumu, gaismu un dzi\u013cumu, radot neaizmirstamu pieredzi ikvienam klaus\u012bt\u0101jam.<\/p>\n<p>M\u016bzikas dv\u0113sele un t\u0101s atspogu\u013cojums Osokina interpret\u0101cij\u0101<\/p>\n<p>P\u0113rta m\u016bzikas \u012bpa\u0161\u0101 pievilc\u012bba sl\u0113pjas t\u0101s sp\u0113j\u0101 atkl\u0101t cilv\u0113ka iek\u0161\u0113jo pasauli un dv\u0113seles dzi\u013cumus. T\u0101 neprasa sare\u017e\u0123\u012btu muzik\u0101lu izgl\u012bt\u012bbu, lai to pilnv\u0113rt\u012bgi uztvertu; t\u0101 run\u0101 uzreiz uz sirdi. Georgijs Osokins, kur\u0161 tiek rakturots k\u0101 viens no izcil\u0101kajiem un ori\u0123in\u0101l\u0101kajiem Latvijas m\u016bzi\u0137iem, sav\u0101s interpret\u0101cij\u0101s atkl\u0101j \u0161o dv\u0113seles dzi\u013cumu. Vi\u0146a sp\u0113l\u0113 j\u016btama gan p\u0101rdom\u0101ta precizit\u0101te, gan intuit\u012bva br\u012bv\u012bba, kas \u013cauj katram ska\u0146darbam atdz\u012bvoties un st\u0101st\u012bt savu unik\u0101lo st\u0101stu. Albuma \u201cFor Arvo\u201d ierakst\u012b\u0161ana uz sena \u201cBlue Steinway\u201d klavier\u0113m v\u0113l vair\u0101k pastiprina \u0161o int\u012bmo un dzi\u013co pieredzi, radot \u012bpa\u0161u atmosf\u0113ru, kas klaus\u012bt\u0101ju aizved dzi\u013ci m\u016bzikas b\u016bt\u012bb\u0101. \u0160is albums ir vair\u0101k nek\u0101 tikai m\u016bzikas kolekcija; tas ir aicin\u0101jums uz dv\u0113seles ce\u013cojumu, kas \u013cauj katram klaus\u012bt\u0101jam atrast ko personisku un noz\u012bm\u012bgu Arvo P\u0113rta m\u016bzikas pasaul\u0113.<\/p>\n","protected":false},"excerpt":{"rendered":"Pianists Georgijs Osokins un Arvo P\u0113rta m\u016bzikas dzi\u013cums Latvie\u0161u pianists Georgijs Osokins, kur\u0161 paz\u012bstams ar savu spilgto interpret\u0101ciju&hellip;\n","protected":false},"author":2,"featured_media":12518,"comment_status":"","ping_status":"","sticky":false,"template":"","format":"standard","meta":{"footnotes":""},"categories":[19],"tags":[2525,89,2523,90,2527,35,39,38,36,37,34,40,2606,4450],"class_list":{"0":"post-12517","1":"post","2":"type-post","3":"status-publish","4":"format-standard","5":"has-post-thumbnail","7":"category-izklaide","8":"tag-arvo-perts","9":"tag-entertainment","10":"tag-georgijs-osokins","11":"tag-izklaide","12":"tag-klasiska-muzika","13":"tag-latvia","14":"tag-latvian","15":"tag-latviesu","16":"tag-latviesu-valoda","17":"tag-latviesuvaloda","18":"tag-latvija","19":"tag-lv","20":"tag-muzikas-albums","21":"tag-tintinnabuli"},"share_on_mastodon":{"url":"","error":""},"_links":{"self":[{"href":"https:\/\/www.europesays.com\/lv\/wp-json\/wp\/v2\/posts\/12517","targetHints":{"allow":["GET"]}}],"collection":[{"href":"https:\/\/www.europesays.com\/lv\/wp-json\/wp\/v2\/posts"}],"about":[{"href":"https:\/\/www.europesays.com\/lv\/wp-json\/wp\/v2\/types\/post"}],"author":[{"embeddable":true,"href":"https:\/\/www.europesays.com\/lv\/wp-json\/wp\/v2\/users\/2"}],"replies":[{"embeddable":true,"href":"https:\/\/www.europesays.com\/lv\/wp-json\/wp\/v2\/comments?post=12517"}],"version-history":[{"count":0,"href":"https:\/\/www.europesays.com\/lv\/wp-json\/wp\/v2\/posts\/12517\/revisions"}],"wp:featuredmedia":[{"embeddable":true,"href":"https:\/\/www.europesays.com\/lv\/wp-json\/wp\/v2\/media\/12518"}],"wp:attachment":[{"href":"https:\/\/www.europesays.com\/lv\/wp-json\/wp\/v2\/media?parent=12517"}],"wp:term":[{"taxonomy":"category","embeddable":true,"href":"https:\/\/www.europesays.com\/lv\/wp-json\/wp\/v2\/categories?post=12517"},{"taxonomy":"post_tag","embeddable":true,"href":"https:\/\/www.europesays.com\/lv\/wp-json\/wp\/v2\/tags?post=12517"}],"curies":[{"name":"wp","href":"https:\/\/api.w.org\/{rel}","templated":true}]}}