{"id":12535,"date":"2025-10-04T21:24:09","date_gmt":"2025-10-04T21:24:09","guid":{"rendered":"https:\/\/www.europesays.com\/lv\/12535\/"},"modified":"2025-10-04T21:24:09","modified_gmt":"2025-10-04T21:24:09","slug":"tenisiste-apmierinata-ar-krusu-palielinasanas-operaciju-teniss-sportacentrs-com","status":"publish","type":"post","link":"https:\/\/www.europesays.com\/lv\/12535\/","title":{"rendered":"Tenisiste apmierin\u0101ta ar kr\u016b\u0161u palielin\u0101\u0161anas oper\u0101ciju \u2013 Teniss \u2013 Sportacentrs.com"},"content":{"rendered":"<p>Dod\u0113na nesp\u0113l\u0113ja gandr\u012bz desmit m\u0113ne\u0161us, jo cent\u0101s atrisin\u0101t ilgsto\u0161u probl\u0113mu &#8211; iek\u0161\u0113j\u0101s auss d\u0113\u013c vi\u0146ai reibst galva. Patlaban situ\u0101cija ir nedaudz uzlabojusies.<\/p>\n<p>Savulaik rum\u0101niete Simona Halepa izrais\u012bja a\u017eiot\u0101\u017eu, veicot kr\u016b\u0161u samazin\u0101\u0161anas oper\u0101ciju, lai b\u016btu viegl\u0101k sp\u0113l\u0113t tenisu. Savuk\u0101rt franc\u016bziete \u0161ogad p\u0101rcieta kr\u016b\u0161u palielin\u0101\u0161anas oper\u0101ciju.<\/p>\n<p>M\u0113s visi dom\u0101jam par Halepu, kurai junioru gados bija pret\u0113ja pieeja. Vai apzin\u0101jies, ka risk\u0113ji? &#8220;T\u0101 ir lieta, ko es jau sen grib\u0113ju izdar\u012bt. T\u0101 k\u0101 es izmantoju \u0161o p\u0101rtraukumu, jo tenisa sezonas laik\u0101 tas nav iesp\u0113jams. Labpr\u0101t\u0101k to daru tagad, nevis 40 gadu vecum\u0101, kad b\u016b\u0161u beigusi karjeru. Esmu \u013coti priec\u012bga, ka to izdar\u012bju, nemaz neno\u017e\u0113loju,&#8221; atkl\u0101j Oseana Dod\u0113na. &#8220;Simonai Halepai t\u0101s bija \u013coti, \u013coti lielas. T\u0101s vi\u0146u ierobe\u017eoja. Bet j\u0101, t\u0101 ir taisn\u012bba, ka esmu pirm\u0101, kura sp\u0113l\u0113 ar implant\u0113t\u0101m kr\u016bt\u012bm. K\u0101dai j\u0101b\u016bt pirmajai.&#8221;<\/p>\n<p>Vai \u0137irurgs j\u016bs nebr\u012bdin\u0101ja? Vi\u0146\u0161 zin\u0101ja, ka j\u016bs esat augst\u0101k\u0101 l\u012bme\u0146a sportiste&#8230; &#8220;Vi\u0146\u0161 ir draugs, t\u0101p\u0113c mani \u013coti labi paz\u012bst. Daudz ar vi\u0146u par to run\u0101ju: kur ievietot implantus, lai tie man netrauc\u0113tu, k\u0101 valk\u0101t kr\u016b\u0161turi atbalstam un t\u0101 t\u0101l\u0101k. T\u0101s ir meiten\u012bgas lietas, bet viss bija iepl\u0101nots. Vi\u0146\u0161 teica, ka tas man netrauc\u0113s.&#8221;<\/p>\n<p><img decoding=\"async\" src=\"https:\/\/www.europesays.com\/lv\/wp-content\/uploads\/2025\/10\/G2ceFTWXYAIXfOD\" class=\"img-fluid\"\/> Foto: @oceane_dodin<\/p>\n<p>Iek\u0161\u0113j\u0101s auss probl\u0113mas tev maz\u0101k trauc\u0113 telp\u0101s. Vai tas noz\u012bm\u0113, ka \u0101r\u0101 ir \u013coti skarbi? &#8220;J\u0101, saule man tie\u0161\u0101m trauc\u0113 sp\u0113l\u0113t. Laukum\u0101 es redzu tr\u012bs bumbas, tas ir patie\u0161\u0101m sare\u017e\u0123\u012bti. Gr\u016bti izskaidrot, k\u0101p\u0113c telp\u0101s lab\u0101k. Noteikti t\u0101p\u0113c, ka tur nav debesu. \u0100r\u0101 man reibst galva, grie\u017eas galva un j\u016btos nestabila&#8230; Dom\u0101ju, ka tad, kad ir karstums, saule un viss p\u0101r\u0113jais, tas man trauc\u0113 vair\u0101k,&#8221; inform\u0113 tenisiste.<\/p>\n<p>&#8220;Grand Slam&#8221; l\u012bmen\u012b Dod\u0113nas lab\u0101kais pan\u0101kums ir &#8220;Australian Open&#8221; astotda\u013cfin\u0101ls (2024). Ilg\u0101s nesp\u0113l\u0113\u0161anas d\u0113\u013c pasaules rang\u0101 nosl\u012bd\u0113jusi uz 363. vietu. N\u0101kamaj\u0101 janv\u0101r\u012b franc\u016bziete ar speci\u0101lo rangu cer sp\u0113l\u0113t &#8220;Australian Open&#8221; kvalifik\u0101cij\u0101.<\/p>\n<p>Izmantotie resursi:<br \/><a href=\"https:\/\/rmcsport.bfmtv.com\/tennis\/wta\/je-dois-etre-la-premiere-a-jouer-avec-les-seins-refaits-les-confidences-d-oceane-dodin-de-retour-apres-une-longue-parenthese_AN-202510020980.html\" target=\"_blank\" rel=\"nofollow noopener\">rmcsport.bfmtv.com<\/a><\/p>\n","protected":false},"excerpt":{"rendered":"Dod\u0113na nesp\u0113l\u0113ja gandr\u012bz desmit m\u0113ne\u0161us, jo cent\u0101s atrisin\u0101t ilgsto\u0161u probl\u0113mu &#8211; iek\u0161\u0113j\u0101s auss d\u0113\u013c vi\u0146ai reibst galva. Patlaban&hellip;\n","protected":false},"author":2,"featured_media":12536,"comment_status":"","ping_status":"","sticky":false,"template":"","format":"standard","meta":{"footnotes":""},"categories":[17],"tags":[35,39,38,36,37,34,40,67,683],"class_list":{"0":"post-12535","1":"post","2":"type-post","3":"status-publish","4":"format-standard","5":"has-post-thumbnail","7":"category-sports","8":"tag-latvia","9":"tag-latvian","10":"tag-latviesu","11":"tag-latviesu-valoda","12":"tag-latviesuvaloda","13":"tag-latvija","14":"tag-lv","15":"tag-sports","16":"tag-teniss"},"share_on_mastodon":{"url":"","error":""},"_links":{"self":[{"href":"https:\/\/www.europesays.com\/lv\/wp-json\/wp\/v2\/posts\/12535","targetHints":{"allow":["GET"]}}],"collection":[{"href":"https:\/\/www.europesays.com\/lv\/wp-json\/wp\/v2\/posts"}],"about":[{"href":"https:\/\/www.europesays.com\/lv\/wp-json\/wp\/v2\/types\/post"}],"author":[{"embeddable":true,"href":"https:\/\/www.europesays.com\/lv\/wp-json\/wp\/v2\/users\/2"}],"replies":[{"embeddable":true,"href":"https:\/\/www.europesays.com\/lv\/wp-json\/wp\/v2\/comments?post=12535"}],"version-history":[{"count":0,"href":"https:\/\/www.europesays.com\/lv\/wp-json\/wp\/v2\/posts\/12535\/revisions"}],"wp:featuredmedia":[{"embeddable":true,"href":"https:\/\/www.europesays.com\/lv\/wp-json\/wp\/v2\/media\/12536"}],"wp:attachment":[{"href":"https:\/\/www.europesays.com\/lv\/wp-json\/wp\/v2\/media?parent=12535"}],"wp:term":[{"taxonomy":"category","embeddable":true,"href":"https:\/\/www.europesays.com\/lv\/wp-json\/wp\/v2\/categories?post=12535"},{"taxonomy":"post_tag","embeddable":true,"href":"https:\/\/www.europesays.com\/lv\/wp-json\/wp\/v2\/tags?post=12535"}],"curies":[{"name":"wp","href":"https:\/\/api.w.org\/{rel}","templated":true}]}}