{"id":12549,"date":"2025-10-04T21:38:09","date_gmt":"2025-10-04T21:38:09","guid":{"rendered":"https:\/\/www.europesays.com\/lv\/12549\/"},"modified":"2025-10-04T21:38:09","modified_gmt":"2025-10-04T21:38:09","slug":"vairakas-eiropas-valstis-piedzivojusas-vetru-ir-ari-bojagajusais","status":"publish","type":"post","link":"https:\/\/www.europesays.com\/lv\/12549\/","title":{"rendered":"Vair\u0101kas Eiropas valstis piedz\u012bvoju\u0161as v\u0113tru, ir ar\u012b boj\u0101g\u0101ju\u0161ais"},"content":{"rendered":"<p>Vair\u0101kas Eiropas valstis sestdien piedz\u012bvoja v\u0113tru, kas virz\u012bj\u0101s uz austrumiem no Lielbrit\u0101nijas un kuras d\u0113\u013c trauc\u0113ta gaisa un j\u016bras satiksme, k\u0101 ar\u012b sa\u0146emta inform\u0101cija par k\u0101da v\u012brie\u0161a boj\u0101eju \u012arij\u0101.<\/p>\n<p>Policija pazi\u0146oja, ka saist\u012bb\u0101 ar laikapst\u0101k\u013ciem Leterkenij\u0101 \u012arijas zieme\u013crietumos miris k\u0101ds v\u012brietis, ta\u010du detaliz\u0113tu inform\u0101ciju nesniedza.<\/p>\n<p>Laikapst\u0101k\u013cu d\u0113\u013c Amsterdamas Shipholas lidost\u0101, kas ir viena no noslogot\u0101kaj\u0101m Eirop\u0101, atcelti apm\u0113ram 80 ielidojo\u0161ie un 70 izlidojo\u0161ie reisi.<\/p>\n<p>N\u012bderlandes meteorolo\u0123iskais dienests br\u012bdin\u0101ja par viesu\u013cv\u0113tras sp\u0113ka br\u0101zm\u0101m l\u012bdz 28 metriem sekund\u0113 Zieme\u013cj\u016br\u0101 un 21 metram sekund\u0113 uz sauszemes. Aptur\u0113ti ar\u012b vair\u0101ki pr\u0101mju savienojumi ar N\u012bderlandes Fr\u012bzu sal\u0101m.<\/p>\n<p>Daudzviet atceltas aktivit\u0101tes \u0101rpus telp\u0101m, piem\u0113ram, tirgi, sporta sacens\u012bbas un festiv\u0101li.<\/p>\n<p>Pirms tam <a href=\"https:\/\/www.apollo.lv\/term\/556072\/vetra\" class=\"topicLink\" target=\"_blank\" rel=\"nofollow noopener\">v\u0113tra<\/a> Lielbrit\u0101nij\u0101, \u012arij\u0101 un Norv\u0113\u0123ij\u0101 izrais\u012bja elektroapg\u0101des trauc\u0113jumus, k\u0101 ar sl\u0113gti ce\u013ci, trauc\u0113ta gaisa un dzelzce\u013ca satiksme.<\/p>\n<p>Da\u017eviet Skotij\u0101 desmitiem t\u016bksto\u0161i cilv\u0113ku palika bez elektroapg\u0101des, kad v\u0113ja br\u0101zmas sasniedza 44 metrus sekund\u0113.<\/p>\n<p>London\u0101 piesardz\u012bbas d\u0113\u013c sestdien bija sl\u0113gti parki.<\/p>\n<p>Ar\u012b Norv\u0113\u0123ij\u0101 daudzviet bija elektroapg\u0101des p\u0101rtraukumi, un tika aptur\u0113ta daudzu vilcienu satiksme. Valsts meteorolo\u0123ijas instit\u016bts prognoz\u0113, ka da\u017eos rajonos turpin\u0101sies v\u0113ja br\u0101zmas un sp\u0113c\u012bgas lietavas.<\/p>\n","protected":false},"excerpt":{"rendered":"Vair\u0101kas Eiropas valstis sestdien piedz\u012bvoja v\u0113tru, kas virz\u012bj\u0101s uz austrumiem no Lielbrit\u0101nijas un kuras d\u0113\u013c trauc\u0113ta gaisa un&hellip;\n","protected":false},"author":2,"featured_media":12550,"comment_status":"","ping_status":"","sticky":false,"template":"","format":"standard","meta":{"footnotes":""},"categories":[14],"tags":[23,57,63,28,29,514,32,33,22,30,31,35,39,38,36,37,34,40,20,26,27,24,25,4457,54,55,56,21,58],"class_list":{"0":"post-12549","1":"post","2":"type-post","3":"status-publish","4":"format-standard","5":"has-post-thumbnail","7":"category-zinas-no-arvalstim","8":"tag-aktualitates","9":"tag-arvalstim","10":"tag-arvalstis","11":"tag-breaking-news","12":"tag-breakingnews","13":"tag-eiropas-savieniba","14":"tag-featured-news","15":"tag-featurednews","16":"tag-headlines","17":"tag-latest-news","18":"tag-latestnews","19":"tag-latvia","20":"tag-latvian","21":"tag-latviesu","22":"tag-latviesu-valoda","23":"tag-latviesuvaloda","24":"tag-latvija","25":"tag-lv","26":"tag-news","27":"tag-popularakas-zinas","28":"tag-popularakaszinas","29":"tag-top-stories","30":"tag-topstories","31":"tag-vetra","32":"tag-world","33":"tag-world-news","34":"tag-worldnews","35":"tag-zinas","36":"tag-zinas-no-arvalstim"},"share_on_mastodon":{"url":"","error":""},"_links":{"self":[{"href":"https:\/\/www.europesays.com\/lv\/wp-json\/wp\/v2\/posts\/12549","targetHints":{"allow":["GET"]}}],"collection":[{"href":"https:\/\/www.europesays.com\/lv\/wp-json\/wp\/v2\/posts"}],"about":[{"href":"https:\/\/www.europesays.com\/lv\/wp-json\/wp\/v2\/types\/post"}],"author":[{"embeddable":true,"href":"https:\/\/www.europesays.com\/lv\/wp-json\/wp\/v2\/users\/2"}],"replies":[{"embeddable":true,"href":"https:\/\/www.europesays.com\/lv\/wp-json\/wp\/v2\/comments?post=12549"}],"version-history":[{"count":0,"href":"https:\/\/www.europesays.com\/lv\/wp-json\/wp\/v2\/posts\/12549\/revisions"}],"wp:featuredmedia":[{"embeddable":true,"href":"https:\/\/www.europesays.com\/lv\/wp-json\/wp\/v2\/media\/12550"}],"wp:attachment":[{"href":"https:\/\/www.europesays.com\/lv\/wp-json\/wp\/v2\/media?parent=12549"}],"wp:term":[{"taxonomy":"category","embeddable":true,"href":"https:\/\/www.europesays.com\/lv\/wp-json\/wp\/v2\/categories?post=12549"},{"taxonomy":"post_tag","embeddable":true,"href":"https:\/\/www.europesays.com\/lv\/wp-json\/wp\/v2\/tags?post=12549"}],"curies":[{"name":"wp","href":"https:\/\/api.w.org\/{rel}","templated":true}]}}