{"id":12553,"date":"2025-10-04T22:21:08","date_gmt":"2025-10-04T22:21:08","guid":{"rendered":"https:\/\/www.europesays.com\/lv\/12553\/"},"modified":"2025-10-04T22:21:08","modified_gmt":"2025-10-04T22:21:08","slug":"video-%e2%9f%a9-turpmak-birzas-cenam-bus-jaseko-lidzi-vel-rupigak","status":"publish","type":"post","link":"https:\/\/www.europesays.com\/lv\/12553\/","title":{"rendered":"VIDEO \u27e9 Turpm\u0101k bir\u017eas cen\u0101m b\u016bs j\u0101seko l\u012bdzi v\u0113l r\u016bp\u012bg\u0101k"},"content":{"rendered":"<p>P\u0101reja uz ceturtda\u013cstund\u0101m vajadz\u012bga t\u0101d\u0113\u013c, ka elektr\u012bbas tirgus ir main\u012bjies, skaidroja &#8220;Augstsprieguma t\u012bkl\u0101&#8221;. Ja agr\u0101k domin\u0113ja regul\u0113jamas elektrostacijas, tad tagad arvien liel\u0101ku lomu ie\u0146em v\u0113j\u0161 un saule \u2013 to ra\u017eo\u0161ana sv\u0101rst\u0101s nevis pa stund\u0101m, bet min\u016bt\u0113m.<\/p>\n<p>\u0160obr\u012bd jaun\u0101 sist\u0113ma attiecas tikai uz lielajiem ra\u017eot\u0101jiem un uz\u0146\u0113mumiem, kas sa\u0146em elektr\u012bbu pa p\u0101rvades t\u012bkliem. M\u0101jsaimniec\u012bbu gad\u012bjum\u0101 daudz nemain\u012bsies. \u0160obr\u012bd stundas laik\u0101 uzskait\u012bto pat\u0113ri\u0146u &#8220;Sadales t\u012bkls&#8221; dal\u012bs \u010detr\u0101s da\u013c\u0101s. Piem\u0113ram, ja stund\u0101 pat\u0113r\u0113tas 20 kilovatstundas, tad sist\u0113m\u0101 tas par\u0101d\u012bsies k\u0101 5 kilovatstunda katr\u0101s 15 min\u016bt\u0113s. Faktiskie dati pa ceturtda\u013cstund\u0101m b\u016bs redzami tikai no n\u0101kam\u0101 gada, kad sist\u0113ma b\u016bs piel\u0101gota.<\/p>\n<p>No m\u0101jsaimniec\u012bb\u0101m Latvij\u0101 elektr\u012bbai bir\u017eas tarifu lieto tikai 15 % m\u0101jsaimniec\u012bbu.<\/p>\n<p>Vair\u0101k skaties si\u017eet\u0101!<\/p>\n","protected":false},"excerpt":{"rendered":"P\u0101reja uz ceturtda\u013cstund\u0101m vajadz\u012bga t\u0101d\u0113\u013c, ka elektr\u012bbas tirgus ir main\u012bjies, skaidroja &#8220;Augstsprieguma t\u012bkl\u0101&#8221;. Ja agr\u0101k domin\u0113ja regul\u0113jamas elektrostacijas,&hellip;\n","protected":false},"author":2,"featured_media":12554,"comment_status":"","ping_status":"","sticky":false,"template":"","format":"standard","meta":{"footnotes":""},"categories":[12],"tags":[23,28,29,3392,32,33,22,30,31,35,39,38,36,37,34,40,4446,20,26,27,24,25,21],"class_list":{"0":"post-12553","1":"post","2":"type-post","3":"status-publish","4":"format-standard","5":"has-post-thumbnail","7":"category-latvija","8":"tag-aktualitates","9":"tag-breaking-news","10":"tag-breakingnews","11":"tag-elektriba","12":"tag-featured-news","13":"tag-featurednews","14":"tag-headlines","15":"tag-latest-news","16":"tag-latestnews","17":"tag-latvia","18":"tag-latvian","19":"tag-latviesu","20":"tag-latviesu-valoda","21":"tag-latviesuvaloda","22":"tag-latvija","23":"tag-lv","24":"tag-majsaimnieciba","25":"tag-news","26":"tag-popularakas-zinas","27":"tag-popularakaszinas","28":"tag-top-stories","29":"tag-topstories","30":"tag-zinas"},"share_on_mastodon":{"url":"","error":""},"_links":{"self":[{"href":"https:\/\/www.europesays.com\/lv\/wp-json\/wp\/v2\/posts\/12553","targetHints":{"allow":["GET"]}}],"collection":[{"href":"https:\/\/www.europesays.com\/lv\/wp-json\/wp\/v2\/posts"}],"about":[{"href":"https:\/\/www.europesays.com\/lv\/wp-json\/wp\/v2\/types\/post"}],"author":[{"embeddable":true,"href":"https:\/\/www.europesays.com\/lv\/wp-json\/wp\/v2\/users\/2"}],"replies":[{"embeddable":true,"href":"https:\/\/www.europesays.com\/lv\/wp-json\/wp\/v2\/comments?post=12553"}],"version-history":[{"count":0,"href":"https:\/\/www.europesays.com\/lv\/wp-json\/wp\/v2\/posts\/12553\/revisions"}],"wp:featuredmedia":[{"embeddable":true,"href":"https:\/\/www.europesays.com\/lv\/wp-json\/wp\/v2\/media\/12554"}],"wp:attachment":[{"href":"https:\/\/www.europesays.com\/lv\/wp-json\/wp\/v2\/media?parent=12553"}],"wp:term":[{"taxonomy":"category","embeddable":true,"href":"https:\/\/www.europesays.com\/lv\/wp-json\/wp\/v2\/categories?post=12553"},{"taxonomy":"post_tag","embeddable":true,"href":"https:\/\/www.europesays.com\/lv\/wp-json\/wp\/v2\/tags?post=12553"}],"curies":[{"name":"wp","href":"https:\/\/api.w.org\/{rel}","templated":true}]}}