{"id":12559,"date":"2025-10-05T00:05:12","date_gmt":"2025-10-05T00:05:12","guid":{"rendered":"https:\/\/www.europesays.com\/lv\/12559\/"},"modified":"2025-10-05T00:05:12","modified_gmt":"2025-10-05T00:05:12","slug":"klat-x-faktora-otrais-atlases-raidijums-ar-ko-tas-parsteigs-sejas-lv","status":"publish","type":"post","link":"https:\/\/www.europesays.com\/lv\/12559\/","title":{"rendered":"Kl\u0101t &quot;X Faktora&quot; otrais atlases raid\u012bjums! Ar ko tas p\u0101rsteigs? &#8211; Sejas.lv"},"content":{"rendered":"<ol>\n<li><a href=\"https:\/\/news.google.com\/rss\/articles\/CBMilAFBVV95cUxOb0JKWDJXd2h2VFBSU1c4T0hxUDlaSTlDWEpzbXN5ZzdvV3o2LTQyRmZUalZoZDg0SjByR01nTVpXNl96NzhDcEhxTG1GaHZ6VlZVQmRtaE1UNE9YeVZUTE1TUUd4NVpnR2NNQ2xhdkp0U1VKSmpfTUZXNkNIel9IYUlxU3ZQcWVHRmtXT09SM3E2VGdm?oc=5\" target=\"_blank\" rel=\"nofollow noopener\">Kl\u0101t &#8220;X Faktora&#8221; otrais atlases raid\u012bjums! Ar ko tas p\u0101rsteigs?<\/a>&nbsp;&nbsp;Sejas.lv<\/li>\n<li><a href=\"https:\/\/news.google.com\/rss\/articles\/CBMiowFBVV95cUxQVmcwd0R1dzY0Y29zNEY1N1E3RE1jcklhT0N1M2NOYUFVNEpGc2NUTGRJT3VfY2ppbm1fOGZMeTdXenJrb1pCVHo3STh3UHdZNFZ3OWR5a19Ya1VkMVlJRl9RN0x5MG1zbjVpOENObmdQaVVrX1V4OU05bXd5SmFQQzdPRW91Z0J1VnkwRFNhWV9Oc2pyeGl4MUtPNHpnRkY2elNJ?oc=5\" target=\"_blank\" rel=\"nofollow noopener\">Sest\u0101 &#8220;X Faktora&#8221; sezona ir kl\u0101t! Skaties pirmo TV atlases raid\u012bjumu<\/a>&nbsp;&nbsp;tv3.lv<\/li>\n<li><a href=\"https:\/\/news.google.com\/rss\/articles\/CBMitgFBVV95cUxQRmw4cGpDMDZUZnVFdXVlOTBjcHlPT1NtTjdaRzA4SlpzaDBGVFlGMC1ydmlnY3VOMS1pTXo3ckhNTnktMl9BenppaFJtcmF1MENFNnJiLWFNX1E0ZDdBU29fempMd1BDZnBiOW94U1dma2RkZkZkcXY5bGxTZHIyMm5wSGZSeTFsSUJKVjZEWHlkSUYwS1JaT0w2NFdZWEhJZXEyOURRZll4UXI4QWZCblNwLUZ3QQ?oc=5\" target=\"_blank\" rel=\"nofollow noopener\">Jaunie talanti turpina c\u012b\u0146u &#8220;X faktor\u0101&#8221; &#8211; otrais atlases raid\u012bjums jau sv\u0113tdien<\/a>&nbsp;&nbsp;Jauns.lv<\/li>\n<li><a href=\"https:\/\/news.google.com\/rss\/articles\/CBMi0AFBVV95cUxNSkM5b3NLdVVQazdFTDVuTzFUMGplemNJaFp2aWI4aFRJcVhXSDRIbG4xSU9XczhUOXpZWVdOLUFUUWl5QzNZdXh3UUJkSnd3eDFRenVrb3pfZDJndkRXMFI5U0ZLTkcwdTBKam9sR0VxVThyZzRBTHNFTWx3UHJhdW9rSk5NS3RSaTY4Nk1wQmdpdEctb3NjcVFBSGJ0UTBGS1M2VGZBX1dVazlkdkRES0FzNTNCQ0p6dXdaSVoxZUo5eW5jZDVzMHhLRW1wYzNp?oc=5\" target=\"_blank\" rel=\"nofollow noopener\">&#8220;Ja ir saj\u016bta, ka t\u016bl\u012bt aptais\u012bsies \u2013 ir bijusi laba performance!&#8221; Krivenchy un Emilija analiz\u0113 &#8220;X Faktoru&#8221;<\/a>&nbsp;&nbsp;tv3.lv<\/li>\n<li><a href=\"https:\/\/news.google.com\/rss\/articles\/CBMiuwFBVV95cUxPbVJoaE9BQ1RycU9fVW9IblVvaTM0eUkyMEhxS3dXT1dERHV5by00ZzZzcTVkMmpWQl9GZmt6QzlSLVVPVlhCTzVvSlFJNHNSd0xUTEdRX2NmRDdqN0NKVmZ1SWUyMmZwWmlGckhEcW5Qck1jbnF2WDczTG1YRG5ld05FNUZkT3Y3SmIwZ21kMmVlWGlMdE5hSnlMSnBQRm9kY2Fpakg4ZWp2LVh6N0g0cjg4SDZ1YjcxLXpN?oc=5\" target=\"_blank\" rel=\"nofollow noopener\">Denijs Grieze cent\u012bsies iekarot &#8220;X Faktora&#8221; mentorus ar romantisku, izjustu dzied\u0101jumu<\/a>&nbsp;&nbsp;tv3.lv<\/li>\n<\/ol>\n","protected":false},"excerpt":{"rendered":"Kl\u0101t &#8220;X Faktora&#8221; otrais atlases raid\u012bjums! Ar ko tas p\u0101rsteigs?&nbsp;&nbsp;Sejas.lv Sest\u0101 &#8220;X Faktora&#8221; sezona ir kl\u0101t! Skaties pirmo&hellip;\n","protected":false},"author":2,"featured_media":12560,"comment_status":"","ping_status":"","sticky":false,"template":"","format":"standard","meta":{"footnotes":""},"categories":[19],"tags":[89,90,35,39,38,36,37,34,40,4156,1111],"class_list":{"0":"post-12559","1":"post","2":"type-post","3":"status-publish","4":"format-standard","5":"has-post-thumbnail","7":"category-izklaide","8":"tag-entertainment","9":"tag-izklaide","10":"tag-latvia","11":"tag-latvian","12":"tag-latviesu","13":"tag-latviesu-valoda","14":"tag-latviesuvaloda","15":"tag-latvija","16":"tag-lv","17":"tag-tv-sovi","18":"tag-x-faktors"},"share_on_mastodon":{"url":"","error":""},"_links":{"self":[{"href":"https:\/\/www.europesays.com\/lv\/wp-json\/wp\/v2\/posts\/12559","targetHints":{"allow":["GET"]}}],"collection":[{"href":"https:\/\/www.europesays.com\/lv\/wp-json\/wp\/v2\/posts"}],"about":[{"href":"https:\/\/www.europesays.com\/lv\/wp-json\/wp\/v2\/types\/post"}],"author":[{"embeddable":true,"href":"https:\/\/www.europesays.com\/lv\/wp-json\/wp\/v2\/users\/2"}],"replies":[{"embeddable":true,"href":"https:\/\/www.europesays.com\/lv\/wp-json\/wp\/v2\/comments?post=12559"}],"version-history":[{"count":0,"href":"https:\/\/www.europesays.com\/lv\/wp-json\/wp\/v2\/posts\/12559\/revisions"}],"wp:featuredmedia":[{"embeddable":true,"href":"https:\/\/www.europesays.com\/lv\/wp-json\/wp\/v2\/media\/12560"}],"wp:attachment":[{"href":"https:\/\/www.europesays.com\/lv\/wp-json\/wp\/v2\/media?parent=12559"}],"wp:term":[{"taxonomy":"category","embeddable":true,"href":"https:\/\/www.europesays.com\/lv\/wp-json\/wp\/v2\/categories?post=12559"},{"taxonomy":"post_tag","embeddable":true,"href":"https:\/\/www.europesays.com\/lv\/wp-json\/wp\/v2\/tags?post=12559"}],"curies":[{"name":"wp","href":"https:\/\/api.w.org\/{rel}","templated":true}]}}