{"id":12561,"date":"2025-10-05T00:11:11","date_gmt":"2025-10-05T00:11:11","guid":{"rendered":"https:\/\/www.europesays.com\/lv\/12561\/"},"modified":"2025-10-05T00:11:11","modified_gmt":"2025-10-05T00:11:11","slug":"izrade-vecajo-kults-aicina-uz-eksistencialu-ceremoniju-lente-lv","status":"publish","type":"post","link":"https:\/\/www.europesays.com\/lv\/12561\/","title":{"rendered":"Izr\u0101de \u00abVecajo kults\u00bb aicina uz eksistenci\u0101lu ceremoniju\u00a0\u2014\u00a0Lente.lv"},"content":{"rendered":"<p>M\u016bsdienu sabiedr\u012bb\u0101, kur\u0101 valda jaun\u012bbas kults un aizvien pieaugo\u0161s efem\u0113riskums, par\u0101d\u0101s jauns un provokat\u012bvs m\u0101kslas darbs, kas aicina skat\u012bt\u0101jus p\u0101rdom\u0101t savas eksistences robe\u017eas un pie\u0146emt noveco\u0161anas procesu k\u0101 dabisku un pat v\u0113rt\u012bgu dz\u012bves posmu. Izr\u0101de &#8220;Vecajo kults&#8221;, kas tapusi re\u017eisorei Ivetai Polei un m\u0101ksliniecei Katr\u012bnai Neiburgai, tiek pied\u0101v\u0101ta k\u0101 ritu\u0101la ceremonija, nevis tradicion\u0101la izr\u0101de, uzdodot fundament\u0101lu jaut\u0101jumu: k\u0101 pan\u0101kt, lai m\u0113s savu noveco\u0161anu un dz\u012bves beigu pien\u0101k\u0161anu uztvertu mierpilni un samiernieciski, bez liek\u0101m bail\u0113m un raiz\u0113m?<\/p>\n<p>Izr\u0101des koncepcija un autores<\/p>\n<p>Idejas autores Iveta Pole un Katr\u012bna Neiburga, kuru kopdarbs &#8220;Malleus Maleficarum. Jaunais l\u012bgums&#8221; pirms diviem gadiem nov\u0113rt\u0113ts ar &#8220;Sp\u0113lma\u0146u nakts&#8221; balvu, \u0161oreiz piev\u0113r\u0161as t\u0113mai, kas bie\u017ei vien tiek aplieta ar tabu \u2013 noveco\u0161anai un mirst\u012bbai. Vi\u0146u jaunais kopdarbs &#8220;Vecajo kults&#8221; tiek raksturots k\u0101 ceremonija vai ritu\u0101ls, kur\u0101 akt\u012bvi iesaist\u012bts ar\u012b skat\u012bt\u0101js. Neiburga atkl\u0101j, ka person\u012bg\u0101s bailes par noveco\u0161anu un nov\u0113rojumi par m\u0101tes pieredzi \u0161aj\u0101 jaut\u0101jum\u0101 aizs\u0101ku\u0161i \u0161o m\u0101ksliniecisko mekl\u0113jumu. Vi\u0146a pau\u017e v\u0113lmi samierin\u0101ties ar gaid\u0101maj\u0101m dz\u012bves p\u0101rmai\u0146\u0101m un mudina sabiedr\u012bbu atkl\u0101t\u0101k run\u0101t par \u0161o t\u0113mu, c\u012bnoties pret valdo\u0161o eigismu. Izr\u0101de necen\u0161as idealiz\u0113t vai glorific\u0113t vecumu, bet gan p\u0113t\u012bt to no da\u017e\u0101d\u0101m perspekt\u012bv\u0101m, savijot s\u0101p\u012bgo ar jautro un humoristisko.<\/p>\n<p>Ritu\u0101ls un t\u0101 elementi<\/p>\n<p>Lai rad\u012btu savu unik\u0101lo ritu\u0101lu, Pole un Neiburga apmekl\u0113ju\u0161as da\u017e\u0101das Latvijas konfesijas un reli\u0123isk\u0101s kopienas, iedzi\u013cinoties to dievkalpojumu un godin\u0101\u0161anas trad\u012bcij\u0101s. No \u0161\u012bm pieredz\u0113m vi\u0146as atlas\u012bju\u0161as un iepinis sav\u0101 rad\u012btaj\u0101 &#8220;Vecajo kulta&#8221; san\u0101k\u0161an\u0101. Skat\u012bt\u0101js, ierodoties uz izr\u0101di, tiek iesaist\u012bts ceremonij\u0101, kas sev\u012b ietver run\u0101to v\u0101rdu, dziesmas un ritu\u0101lu priek\u0161metus. Izr\u0101des dal\u012bbnieki ir gan aktieri Dace Everss, M\u0101rcis Broks un \u0122irts Kr\u016bmi\u0146\u0161 (vai Regn\u0101rs Vaivars), gan ar\u012b pa\u0161i skat\u012bt\u0101ji. Kust\u012bbas &#8220;Vecajo kults&#8221; sekot\u0101ji ir kopiena, kas tic, ka vecums un mirst\u012bba ir ce\u013c\u0161 uz atmodu un mieru, uzskatot, ka vecums ir port\u0101ls uz citu apzi\u0146as st\u0101vokli. Pirm\u0101s ceremonijas notika 2025. gada oktobr\u012b.<\/p>\n<p>M\u0113r\u0137is un skat\u012bt\u0101ja pieredze<\/p>\n<p>Izr\u0101des veidot\u0101jas cer, ka &#8220;Vecajo kults&#8221; piepild\u012bs savu m\u0113r\u0137i, ja skat\u012bt\u0101js, izbaud\u012bjis ceremoniju, sp\u0113s viegl\u0101k pie\u0146emt domu par noveco\u0161anu un dz\u012bves gal\u012bgumu. &#8220;Mani sauc Katr\u012bna Neiburga, man ir 47 gadi, un p\u0113c 23 gadiem man b\u016bs 70. Gribu, lai to br\u012bdi gaidu ar prieku,&#8221; dal\u0101s m\u0101ksliniece. Iveta Pole piebilst: &#8220;Es negribu ciest. Es gribu sagaid\u012bt savas krunkas ar mieru, bez bail\u0113m k\u013c\u016bt vecai un nevajadz\u012bgai pasaul\u0113, kas piel\u016bdz jaun\u012bbu.&#8221; Izr\u0101des m\u016bziku rad\u012bjis Edgars M\u0101kens ar Ingus Bau\u0161\u0137enieka l\u012bdzdal\u012bbu, bet dziesmu autors ir Ilm\u0101rs \u0160l\u0101pins. &#8220;Vecajo kults&#8221; ir aicin\u0101jums uz dialogu, sevis izzin\u0101\u0161anu un kop\u012bgu piedz\u012bvojumu, kas aicina nebaid\u012bties no eksistenci\u0101lajiem jaut\u0101jumiem, bet gan tos pie\u0146emt un integr\u0113t sav\u0101 dz\u012bv\u0113.<\/p>\n<p>\u0160\u012b performative ceremonija pied\u0101v\u0101 unik\u0101lu iesp\u0113ju skat\u012bt\u0101jiem ne tikai v\u0113rot, bet ar\u012b k\u013c\u016bt par da\u013cu no m\u0101kslas darba, kas dzi\u013ci p\u0113ta cilv\u0113ka eksistences p\u0113d\u0113jo posmu, rosina p\u0101rdomas un mekl\u0113 mieru neierastos veidos.<\/p>\n","protected":false},"excerpt":{"rendered":"M\u016bsdienu sabiedr\u012bb\u0101, kur\u0101 valda jaun\u012bbas kults un aizvien pieaugo\u0161s efem\u0113riskums, par\u0101d\u0101s jauns un provokat\u012bvs m\u0101kslas darbs, kas aicina&hellip;\n","protected":false},"author":2,"featured_media":12562,"comment_status":"","ping_status":"","sticky":false,"template":"","format":"standard","meta":{"footnotes":""},"categories":[19],"tags":[4466,89,4464,90,4465,35,39,38,36,37,34,40,4467,4463],"class_list":{"0":"post-12561","1":"post","2":"type-post","3":"status-publish","4":"format-standard","5":"has-post-thumbnail","7":"category-izklaide","8":"tag-dirty-deal-teatro","9":"tag-entertainment","10":"tag-iveta-pole","11":"tag-izklaide","12":"tag-katrina-neiburga","13":"tag-latvia","14":"tag-latvian","15":"tag-latviesu","16":"tag-latviesu-valoda","17":"tag-latviesuvaloda","18":"tag-latvija","19":"tag-lv","20":"tag-novecosana","21":"tag-vecajo-kults"},"share_on_mastodon":{"url":"","error":""},"_links":{"self":[{"href":"https:\/\/www.europesays.com\/lv\/wp-json\/wp\/v2\/posts\/12561","targetHints":{"allow":["GET"]}}],"collection":[{"href":"https:\/\/www.europesays.com\/lv\/wp-json\/wp\/v2\/posts"}],"about":[{"href":"https:\/\/www.europesays.com\/lv\/wp-json\/wp\/v2\/types\/post"}],"author":[{"embeddable":true,"href":"https:\/\/www.europesays.com\/lv\/wp-json\/wp\/v2\/users\/2"}],"replies":[{"embeddable":true,"href":"https:\/\/www.europesays.com\/lv\/wp-json\/wp\/v2\/comments?post=12561"}],"version-history":[{"count":0,"href":"https:\/\/www.europesays.com\/lv\/wp-json\/wp\/v2\/posts\/12561\/revisions"}],"wp:featuredmedia":[{"embeddable":true,"href":"https:\/\/www.europesays.com\/lv\/wp-json\/wp\/v2\/media\/12562"}],"wp:attachment":[{"href":"https:\/\/www.europesays.com\/lv\/wp-json\/wp\/v2\/media?parent=12561"}],"wp:term":[{"taxonomy":"category","embeddable":true,"href":"https:\/\/www.europesays.com\/lv\/wp-json\/wp\/v2\/categories?post=12561"},{"taxonomy":"post_tag","embeddable":true,"href":"https:\/\/www.europesays.com\/lv\/wp-json\/wp\/v2\/tags?post=12561"}],"curies":[{"name":"wp","href":"https:\/\/api.w.org\/{rel}","templated":true}]}}