{"id":12567,"date":"2025-10-05T00:18:09","date_gmt":"2025-10-05T00:18:09","guid":{"rendered":"https:\/\/www.europesays.com\/lv\/12567\/"},"modified":"2025-10-05T00:18:09","modified_gmt":"2025-10-05T00:18:09","slug":"chelsea%e2%80%b3-cempionvienibai-sarupe-jau-otro-secigo-neveiksmi-premjerliga-futbols-sportacentrs-com","status":"publish","type":"post","link":"https:\/\/www.europesays.com\/lv\/12567\/","title":{"rendered":"Chelsea\u2033 \u010dempionvien\u012bbai sar\u016bp\u0113 jau otro sec\u012bgo neveiksmi Premjerl\u012bg\u0101 \u2013 Futbols &#8211; Sportacentrs.com"},"content":{"rendered":"<ol>\n<li><a href=\"https:\/\/news.google.com\/rss\/articles\/CBMilgFBVV95cUxQTGp4YnpyRjltWEJueWtVd0NKWDNDSkxOcFpTM2JoMkYySW9tdWlPU0tJMkh1Ym01MVhWQWpEZThITUgzLW5FMEp4THdXSnF2aTg4bjY4WFdJZXRxc2hXMExPRkZlemoyUWNTQWNXRmgxVnNWUGFNYWtuQTg5VC1zRkliN29HRUdaUkp1bGdNUXJlVWp5NVE?oc=5\" target=\"_blank\" rel=\"nofollow noopener\">Chelsea\u2033 \u010dempionvien\u012bbai sar\u016bp\u0113 jau otro sec\u012bgo neveiksmi Premjerl\u012bg\u0101 \u2013 Futbols<\/a>&nbsp;&nbsp;Sportacentrs.com<\/li>\n<li><a href=\"https:\/\/news.google.com\/rss\/articles\/CBMivAFBVV95cUxPOHd1SUo0T19FVF9NN1gtU25xb0ZKMVM0dHpITE5sdVNnUGtsZmhfTDJ5LXdOcmNXMFZOOGs4YXpfNUJzZmp2RWZWSzJmcENpcUNDVmxDcHFCTlAzMU0wdEZoTmszVWdhcHV2MlBsd216ZmtMNlpuMFFDdFhpaTRVT2tETGlTV25vbU1xcVFwaDl6NS10RGlocTQ5LWRKQTZsSWdvMjBOUjBrd2ZCZkRuTnVyOXJrVzB3MmtvTg?oc=5\" target=\"_blank\" rel=\"nofollow noopener\">Braz\u012blijas talants Estev\u0101u izrauj &#8220;Chelsea&#8221; uzvaru pret \u010dempioniem, &#8220;Arsenal&#8221; k\u013c\u016bst par l\u012bderiem<\/a>&nbsp;&nbsp;Sportazinas.com<\/li>\n<li><a href=\"https:\/\/news.google.com\/rss\/articles\/CBMiwgFBVV95cUxQbFQzaEc1N3h4OE9ZRVRkTVpkTUw2eG9FMmtLeVNxbXY2akloVXI0eTI4Q29KajFydzVhcTYxbm4wd3VXeDQ0dG5qajI2NGozTjVpMUFObWxtbFpqTWxoZF8zcTcxX0tIZlNteG1hazN0dEdJdy1wamVqNmtrd0JUU1hrRk5wY1BST2M3c19hNkJrdzl3NmpvUjZNTTlQV2I5dk9RVUk1Xy1XTV9UakwtNDN5S1FrZkppdFdZcUhuNkEtUQ?oc=5\" target=\"_blank\" rel=\"nofollow noopener\">\u201cCrystal Palace\u201d p\u0113d\u0113j\u0101s sekund\u0113s sag\u0101d\u0101 \u201cLiverpool\u201d pirmo zaud\u0113jumu Anglijas Premjerl\u012bgas sezon\u0101<\/a>&nbsp;&nbsp;tv3.lv<\/li>\n<li><a href=\"https:\/\/news.google.com\/rss\/articles\/CBMiiwFBVV95cUxPR0hNazF6TnRqelFfNEJWWG1kYnJEY3V6UGxRZndHQWZ6WmRkYnJJN25sbFZ5SGRKQ2JVcVRNNFZOX1l6NUdDRzlwOHdXTWZKOGdsdE5Dc2RyeGZ3amkyci1WNGxmY0pFdHJWSDNxaG5Tc0tZMDAtNWpPTWlrLXRzMHJyTnhsZTFVVUFn?oc=5\" target=\"_blank\" rel=\"nofollow noopener\">&#8220;Liverpool&#8221; sezonas pirm\u0101 neveiksme, &#8220;Chelsea&#8221; atkal noraid\u0101s un zaud\u0113 m\u0101j\u0101s \u2013 Futbols<\/a>&nbsp;&nbsp;Sportacentrs.com<\/li>\n<\/ol>\n","protected":false},"excerpt":{"rendered":"Chelsea\u2033 \u010dempionvien\u012bbai sar\u016bp\u0113 jau otro sec\u012bgo neveiksmi Premjerl\u012bg\u0101 \u2013 Futbols&nbsp;&nbsp;Sportacentrs.com Braz\u012blijas talants Estev\u0101u izrauj &#8220;Chelsea&#8221; uzvaru pret \u010dempioniem,&hellip;\n","protected":false},"author":2,"featured_media":12568,"comment_status":"","ping_status":"","sticky":false,"template":"","format":"standard","meta":{"footnotes":""},"categories":[17],"tags":[676,35,39,38,36,37,34,40,67],"class_list":{"0":"post-12567","1":"post","2":"type-post","3":"status-publish","4":"format-standard","5":"has-post-thumbnail","7":"category-sports","8":"tag-futbols","9":"tag-latvia","10":"tag-latvian","11":"tag-latviesu","12":"tag-latviesu-valoda","13":"tag-latviesuvaloda","14":"tag-latvija","15":"tag-lv","16":"tag-sports"},"share_on_mastodon":{"url":"","error":""},"_links":{"self":[{"href":"https:\/\/www.europesays.com\/lv\/wp-json\/wp\/v2\/posts\/12567","targetHints":{"allow":["GET"]}}],"collection":[{"href":"https:\/\/www.europesays.com\/lv\/wp-json\/wp\/v2\/posts"}],"about":[{"href":"https:\/\/www.europesays.com\/lv\/wp-json\/wp\/v2\/types\/post"}],"author":[{"embeddable":true,"href":"https:\/\/www.europesays.com\/lv\/wp-json\/wp\/v2\/users\/2"}],"replies":[{"embeddable":true,"href":"https:\/\/www.europesays.com\/lv\/wp-json\/wp\/v2\/comments?post=12567"}],"version-history":[{"count":0,"href":"https:\/\/www.europesays.com\/lv\/wp-json\/wp\/v2\/posts\/12567\/revisions"}],"wp:featuredmedia":[{"embeddable":true,"href":"https:\/\/www.europesays.com\/lv\/wp-json\/wp\/v2\/media\/12568"}],"wp:attachment":[{"href":"https:\/\/www.europesays.com\/lv\/wp-json\/wp\/v2\/media?parent=12567"}],"wp:term":[{"taxonomy":"category","embeddable":true,"href":"https:\/\/www.europesays.com\/lv\/wp-json\/wp\/v2\/categories?post=12567"},{"taxonomy":"post_tag","embeddable":true,"href":"https:\/\/www.europesays.com\/lv\/wp-json\/wp\/v2\/tags?post=12567"}],"curies":[{"name":"wp","href":"https:\/\/api.w.org\/{rel}","templated":true}]}}