{"id":12599,"date":"2025-10-05T01:36:06","date_gmt":"2025-10-05T01:36:06","guid":{"rendered":"https:\/\/www.europesays.com\/lv\/12599\/"},"modified":"2025-10-05T01:36:06","modified_gmt":"2025-10-05T01:36:06","slug":"grupa-the-rozz-dedzina-klausitaju-sirdis-ar-jauno-sapju-pilno-dziesmu-lai-jau-deg-lente-lv","status":"publish","type":"post","link":"https:\/\/www.europesays.com\/lv\/12599\/","title":{"rendered":"Grupa &#8220;The Rozz&#8221; dedzina klaus\u012bt\u0101ju sirdis ar jauno, s\u0101pju pilno dziesmu &#8220;Lai jau deg&#8221;\u00a0\u2014\u00a0Lente.lv"},"content":{"rendered":"<p>Jaun\u0101 dziesma &#8220;Lai jau deg&#8221; no grupas &#8220;The Rozz&#8221;<\/p>\n<p>Grupa &#8220;The Rozz&#8221; ir laidusi klaj\u0101 savu jaun\u0101ko singlu ar nosaukumu &#8220;Lai jau deg&#8221;, kas piev\u0113r\u0161as sare\u017e\u0123\u012btaj\u0101m attiec\u012bbu nians\u0113m un dv\u0113seles plais\u0101m, kas radu\u0161\u0101s neapdom\u012bgu tic\u0113jumu d\u0113\u013c. \u0160is singls, kas pieejams straum\u0113\u0161anas platform\u0101s kop\u0161 25. septembra, ir izpeln\u012bjies uzman\u012bbu ar savu introspekt\u012bvo un ironisko skan\u0113jumu, kur\u0101 savijas ar\u012b b\u012bbeliskas atsauces. Dziesmas autors un grupas \u0123it\u0101rists Oskars Barsuks atkl\u0101j, ka &#8220;Lai jau deg&#8221; ir dziesma, kur\u0101 vi\u0146\u0161 ielicis daudz person\u012bgo s\u0101pju, ta\u010du t\u0101 saglab\u0101 noveles raksturu ar atv\u0113rt\u0101m beig\u0101m. Vi\u0146\u0161 sal\u012bdzina \u0161\u012b darba rad\u012b\u0161anas procesu ar Kurta Kobeina dziesmu &#8220;Heart-Shaped Box&#8221;, cen\u0161oties ietvert taj\u0101 ironiju, sarkasmu un nelielu dusmu. Barsuks uzsver, ka dziesmas ener\u0123ija nav v\u0113rsta uz pasauli, bet gan god\u012bgi atspogu\u013co realit\u0101ti, kur\u0101 ikdiena nav vienm\u0113r k\u0101 pastaiga pa ro\u017eu d\u0101rzu.<\/p>\n<p>Dziesmas dzi\u013cums un simbolisms<\/p>\n<p>Viena no spilgt\u0101kaj\u0101m rind\u0101m dziesm\u0101 &#8220;Lai jau deg&#8221; ir &#8220;You never knew me, t\u0101p\u0113c ej pie velna&#8221;, kas ir atsauce uz Mateja eva\u0146\u0123\u0113lija fragmentu. \u0160\u012b fr\u0101ze tiek izmantota k\u0101 sp\u0113c\u012bgs simbols atsve\u0161in\u0101\u0161an\u0101s saj\u016btai un tam br\u012bdim, kad idejas nesakr\u012bt ar realit\u0101ti. T\u0101 uzsver dziesmas tematisko dzi\u013cumu, kas savijas ar centr\u0101lo mot\u012bvu \u2013 &#8220;deg\u0161anu&#8221;, simboliz\u0113jot elles saj\u016btu. Grupas iepriek\u0161\u0113jie darbi, piem\u0113ram, kopdarbs ar M\u0101ru Z\u0101l\u012bti &#8220;Es Nevaru V\u0113l Run\u0101t Klusi&#8221;, kas izdots febru\u0101r\u012b, apliecina grupas sp\u0113ju rad\u012bt emocion\u0101li pies\u0101tin\u0101tu un dzi\u013cdom\u012bgu m\u016bziku.<\/p>\n<p>Videoklips un grupas aktualit\u0101tes<\/p>\n<p>Dziesmai &#8220;Lai jau deg&#8221; ir rad\u012bts ar\u012b videoklips, kuru grupa raksturo k\u0101 &#8220;ar amizantu, bet taj\u0101 pa\u0161\u0101 laik\u0101 ar bail\u012bgu piesitienu&#8221;. Videoklips ir pieejams kop\u0161 25. septembra grupas &#8220;The Rozz&#8221; YouTube kan\u0101l\u0101, k\u0101 ar\u012b cit\u0101s popul\u0101r\u0101kaj\u0101s straum\u0113\u0161anas platform\u0101s. &#8220;The Rozz&#8221; ir latvie\u0161u m\u016bzikas apvien\u012bba, kas paz\u012bstama ar saviem emocion\u0101li dzi\u013cajiem tekstiem un ener\u0123isku instrument\u0101lo izpild\u012bjumu. Grupa turpina savu rado\u0161o darb\u012bbu, iepriek\u0161 izce\u013cot ar\u012b singlus &#8220;Gr\u016bdiens&#8221; un &#8220;Kad iel\u0101s gaismas z\u016bd&#8221;. Vi\u0146u tuv\u0101k\u0101 publisk\u0101 uzst\u0101\u0161an\u0101s pl\u0101nota 18. oktobr\u012b pas\u0101kum\u0101 &#8220;Muzik\u0101l\u0101 Meerce&#8221; &#8220;Ang\u0101r\u0101&#8221;.<\/p>\n","protected":false},"excerpt":{"rendered":"Jaun\u0101 dziesma &#8220;Lai jau deg&#8221; no grupas &#8220;The Rozz&#8221; Grupa &#8220;The Rozz&#8221; ir laidusi klaj\u0101 savu jaun\u0101ko singlu&hellip;\n","protected":false},"author":2,"featured_media":12600,"comment_status":"","ping_status":"","sticky":false,"template":"","format":"standard","meta":{"footnotes":""},"categories":[19],"tags":[89,90,440,4474,35,39,38,194,36,37,34,40,4475,4473],"class_list":{"0":"post-12599","1":"post","2":"type-post","3":"status-publish","4":"format-standard","5":"has-post-thumbnail","7":"category-izklaide","8":"tag-entertainment","9":"tag-izklaide","10":"tag-jauns-singls","11":"tag-lai-jau-deg","12":"tag-latvia","13":"tag-latvian","14":"tag-latviesu","15":"tag-latviesu-muzika","16":"tag-latviesu-valoda","17":"tag-latviesuvaloda","18":"tag-latvija","19":"tag-lv","20":"tag-oskars-barsuks","21":"tag-the-rozz"},"share_on_mastodon":{"url":"","error":""},"_links":{"self":[{"href":"https:\/\/www.europesays.com\/lv\/wp-json\/wp\/v2\/posts\/12599","targetHints":{"allow":["GET"]}}],"collection":[{"href":"https:\/\/www.europesays.com\/lv\/wp-json\/wp\/v2\/posts"}],"about":[{"href":"https:\/\/www.europesays.com\/lv\/wp-json\/wp\/v2\/types\/post"}],"author":[{"embeddable":true,"href":"https:\/\/www.europesays.com\/lv\/wp-json\/wp\/v2\/users\/2"}],"replies":[{"embeddable":true,"href":"https:\/\/www.europesays.com\/lv\/wp-json\/wp\/v2\/comments?post=12599"}],"version-history":[{"count":0,"href":"https:\/\/www.europesays.com\/lv\/wp-json\/wp\/v2\/posts\/12599\/revisions"}],"wp:featuredmedia":[{"embeddable":true,"href":"https:\/\/www.europesays.com\/lv\/wp-json\/wp\/v2\/media\/12600"}],"wp:attachment":[{"href":"https:\/\/www.europesays.com\/lv\/wp-json\/wp\/v2\/media?parent=12599"}],"wp:term":[{"taxonomy":"category","embeddable":true,"href":"https:\/\/www.europesays.com\/lv\/wp-json\/wp\/v2\/categories?post=12599"},{"taxonomy":"post_tag","embeddable":true,"href":"https:\/\/www.europesays.com\/lv\/wp-json\/wp\/v2\/tags?post=12599"}],"curies":[{"name":"wp","href":"https:\/\/api.w.org\/{rel}","templated":true}]}}