{"id":12607,"date":"2025-10-05T02:00:07","date_gmt":"2025-10-05T02:00:07","guid":{"rendered":"https:\/\/www.europesays.com\/lv\/12607\/"},"modified":"2025-10-05T02:00:07","modified_gmt":"2025-10-05T02:00:07","slug":"spikeru-koncertzale-atdzivojas-muzikalas-pasakas-mazajiem-skatitajiem-lente-lv","status":"publish","type":"post","link":"https:\/\/www.europesays.com\/lv\/12607\/","title":{"rendered":"Sp\u012b\u0137eru koncertz\u0101l\u0113 atdz\u012bvojas muzik\u0101las pasakas mazajiem skat\u012bt\u0101jiem\u00a0\u2014\u00a0Lente.lv"},"content":{"rendered":"<p>Muzik\u0101ls piedz\u012bvojums maz\u0101kajiem Sp\u012b\u0137eru koncertz\u0101l\u0113<\/p>\n<p>Sp\u012b\u0137eru koncertz\u0101le atver durvis uz burvju pilnu muzik\u0101lu pasauli pa\u0161iem maz\u0101kajiem skat\u012bt\u0101jiem. \u0160\u012b unik\u0101l\u0101 vieta k\u013cuvusi par m\u0101jvietu VSIA &#8220;Latvijas Koncerti&#8221; izlolotajam ciklam &#8220;Patie\u0161\u0101m mazi\u0146iem&#8221;, kas sola \u010detras kr\u0101sainas un aizraujo\u0161as muzik\u0101las izr\u0101des jaunaj\u0101 sezon\u0101. \u0160is cikls ir r\u016bp\u012bgi veidots, lai sniegtu b\u0113rniem pirmo saskari ar kult\u016bras notikumiem, stimul\u0113tu izt\u0113li un att\u012bst\u012btu klaus\u012b\u0161an\u0101s prasmes.<\/p>\n<p>M\u016bzikas un pasaku burv\u012bba<\/p>\n<p>Cikls &#8220;Patie\u0161\u0101m mazi\u0146iem&#8221; pied\u0101v\u0101 b\u0113rniem un vi\u0146u \u0123imen\u0113m neaizmirstamus piedz\u012bvojumus \u010detr\u0101s ned\u0113\u013cas nogal\u0113s. Katra izr\u0101de ir k\u0101 maza muzik\u0101la pasaka, kas b\u0113rniem pal\u012bdz\u0113s fantaz\u0113t un iejusties da\u017e\u0101dos t\u0113los, ce\u013cojot pa m\u016bzikas un pasaku valst\u012bb\u0101m. \u0160ie pas\u0101kumi ir lieliska iesp\u0113ja stiprin\u0101t \u0123imenes saites un rad\u012bt kop\u012bgas, priec\u012bgas atmi\u0146as. Izr\u0101des tiek veidotas, iesaistot profesion\u0101lus m\u016bzi\u0137us, dzied\u0101t\u0101jus un citus m\u0101ksliniekus, lai rad\u012btu baud\u0101mu pieredzi ne tikai b\u0113rniem, bet ar\u012b vi\u0146u vec\u0101kiem. Programm\u0101 iek\u013cauti gan latvie\u0161u, gan pasaules komponistu darbi, kas izpild\u012bti ar lielu meistar\u012bbu un m\u012blest\u012bbu.<\/p>\n<p>Izgl\u012btojo\u0161a un att\u012bsto\u0161a pieredze<\/p>\n<p>\u0160ie muzik\u0101lie uzvedumi nav tikai izklaide, bet ar\u012b v\u0113rt\u012bgs izgl\u012btojo\u0161s instruments. To m\u0113r\u0137is ir ne tikai ieinteres\u0113t pirmsskolas vecuma b\u0113rnus ar m\u016bzikas un te\u0101tra pal\u012bdz\u012bbu, bet ar\u012b att\u012bst\u012bt vi\u0146u muzik\u0101lo gaumi un izzi\u0146as sp\u0113jas. Pusstundu pirms katra koncerta notiek rado\u0161\u0101s darbn\u012bcas un darbojas m\u016bzikas rota\u013cu istaba, kas v\u0113l vair\u0101k bag\u0101tina mazo apmekl\u0113t\u0101ju pieredzi. \u0160\u0101da pieeja pal\u012bdz b\u0113rniem augt par kult\u016br\u0101 un m\u0101ksl\u0101 ieinteres\u0113tiem jaunie\u0161iem. Abonements uz \u010detr\u0101m izr\u0101d\u0113m sniedz iesp\u0113ju apmekl\u0113t pas\u0101kumus sestdien\u0101s vai sv\u0113tdien\u0101s plkst. 11:00 vai 13:00, nodro\u0161inot regul\u0101ru kontaktu ar kult\u016bras pasauli visas sezonas garum\u0101.<\/p>\n<p>Sp\u012b\u0137eru koncertz\u0101le \u2013 m\u016bzikas un kult\u016bras centrs<\/p>\n<p>Sp\u012b\u0137eru koncertz\u0101le, kas atrodas v\u0113sturisk\u0101 viet\u0101 R\u012bg\u0101, ir k\u013cuvusi par noz\u012bm\u012bgu kult\u016bras centru, kur m\u0101jvietu radu\u0161i t\u0101di Latvijas profesion\u0101l\u0101s m\u016bzikas kolekt\u012bvi k\u0101 kameror\u0137estris &#8220;Sinfonietta R\u012bga&#8221; un &#8220;Latvijas Radio koris&#8221;. T\u0101 ir vieta, kur dzimst m\u0101kslinieciskas idejas un notiek da\u017e\u0101di muzik\u0101li eksperimenti. Koncertz\u0101le ir piem\u0113rota gan m\u016bsdien\u012bgiem ska\u0146u m\u0101kslas projektiem, gan izgl\u012btojo\u0161iem pas\u0101kumiem da\u017e\u0101d\u0101m vecuma grup\u0101m, padarot to par daudzpus\u012bgu platformu kult\u016bras baud\u012b\u0161anai un att\u012bst\u012bbai.<\/p>\n","protected":false},"excerpt":{"rendered":"Muzik\u0101ls piedz\u012bvojums maz\u0101kajiem Sp\u012b\u0137eru koncertz\u0101l\u0113 Sp\u012b\u0137eru koncertz\u0101le atver durvis uz burvju pilnu muzik\u0101lu pasauli pa\u0161iem maz\u0101kajiem skat\u012bt\u0101jiem. \u0160\u012b&hellip;\n","protected":false},"author":2,"featured_media":12608,"comment_status":"","ping_status":"","sticky":false,"template":"","format":"standard","meta":{"footnotes":""},"categories":[19],"tags":[89,90,4486,35,39,38,36,37,34,4484,40,4485,4483,4482],"class_list":{"0":"post-12607","1":"post","2":"type-post","3":"status-publish","4":"format-standard","5":"has-post-thumbnail","7":"category-izklaide","8":"tag-entertainment","9":"tag-izklaide","10":"tag-koncerti-pirmsskolniekiem","11":"tag-latvia","12":"tag-latvian","13":"tag-latviesu","14":"tag-latviesu-valoda","15":"tag-latviesuvaloda","16":"tag-latvija","17":"tag-latvijas-koncerti","18":"tag-lv","19":"tag-muzikas-izrades-berniem","20":"tag-patiesam-maziniem","21":"tag-spikeru-koncertzale"},"share_on_mastodon":{"url":"","error":""},"_links":{"self":[{"href":"https:\/\/www.europesays.com\/lv\/wp-json\/wp\/v2\/posts\/12607","targetHints":{"allow":["GET"]}}],"collection":[{"href":"https:\/\/www.europesays.com\/lv\/wp-json\/wp\/v2\/posts"}],"about":[{"href":"https:\/\/www.europesays.com\/lv\/wp-json\/wp\/v2\/types\/post"}],"author":[{"embeddable":true,"href":"https:\/\/www.europesays.com\/lv\/wp-json\/wp\/v2\/users\/2"}],"replies":[{"embeddable":true,"href":"https:\/\/www.europesays.com\/lv\/wp-json\/wp\/v2\/comments?post=12607"}],"version-history":[{"count":0,"href":"https:\/\/www.europesays.com\/lv\/wp-json\/wp\/v2\/posts\/12607\/revisions"}],"wp:featuredmedia":[{"embeddable":true,"href":"https:\/\/www.europesays.com\/lv\/wp-json\/wp\/v2\/media\/12608"}],"wp:attachment":[{"href":"https:\/\/www.europesays.com\/lv\/wp-json\/wp\/v2\/media?parent=12607"}],"wp:term":[{"taxonomy":"category","embeddable":true,"href":"https:\/\/www.europesays.com\/lv\/wp-json\/wp\/v2\/categories?post=12607"},{"taxonomy":"post_tag","embeddable":true,"href":"https:\/\/www.europesays.com\/lv\/wp-json\/wp\/v2\/tags?post=12607"}],"curies":[{"name":"wp","href":"https:\/\/api.w.org\/{rel}","templated":true}]}}