{"id":12611,"date":"2025-10-05T02:54:15","date_gmt":"2025-10-05T02:54:15","guid":{"rendered":"https:\/\/www.europesays.com\/lv\/12611\/"},"modified":"2025-10-05T02:54:15","modified_gmt":"2025-10-05T02:54:15","slug":"dailes-teatris-izcel-metoo-jautajumus-ar-jauniestudejumu-vins-teica-vina-teica-lente-lv","status":"publish","type":"post","link":"https:\/\/www.europesays.com\/lv\/12611\/","title":{"rendered":"Dailes te\u0101tris izce\u013c #MeToo jaut\u0101jumus ar jauniestud\u0113jumu &#8220;Vi\u0146\u0161 teica, vi\u0146a teica&#8221;\u00a0\u2014\u00a0Lente.lv"},"content":{"rendered":"<p>Spriedzes pilna izr\u0101de par tiesas procesu un person\u012bgo paties\u012bbu<\/p>\n<p>Dailes te\u0101tra Jaunaj\u0101 z\u0101l\u0113 notikusi pirmizr\u0101de izr\u0101dei &#8220;Vi\u0146\u0161 teica, vi\u0146a teica&#8221;, kas sola aizraujo\u0161u un dzi\u013ci aizdom\u012bgu ce\u013cojumu uz #MeToo kust\u012bbas aktualit\u0101t\u0113m caur procesu\u0101las spriedzes dr\u0101mas prizmu. Ferdinanda fon \u0160\u012braha lugas iestud\u0113jums, ko re\u017eis\u0113jis Dmitrijs Petrenko, uz skatuves izdz\u012bvo tiesas procesu, kur\u0101 krustojas v\u012brie\u0161a un sievietes attiec\u012bbas, person\u012bg\u0101s paties\u012bbas un sabiedr\u012bbas spiediens. Izr\u0101de, kas pirmizr\u0101di piedz\u012bvoja 2025. gada 3. oktobr\u012b, jau guvusi uzman\u012bbu ar savu provokat\u012bvo t\u0113mu un sp\u0113c\u012bgo aktieru sniegumu.<\/p>\n<p>Izr\u0101des centr\u0101 ir sare\u017e\u0123\u012bta juridiska lieta starp diviem agr\u0101kajiem m\u012blniekiem \u2013 sabiedr\u012bb\u0101 paz\u012bstamo TV raid\u012bjumu vad\u012bt\u0101ju Katar\u012bnu \u0160l\u012bteri un profesoru Kristianu T\u012bdi. Vi\u0146u kopdz\u012bve ir beigusies, un nejau\u0161a tik\u0161an\u0101s p\u0113c \u0161\u0137ir\u0161an\u0101s ir novilkusi vi\u0146us uz tiesas s\u0113di. Vi\u0146a apgalvo, ka seksu\u0101l\u0101 tuv\u012bba nebija abpus\u0113ja, bet gan vardarb\u012bga. Vi\u0146\u0161 noliedz \u0161o apgalvojumu, uzst\u0101jot, ka viss noticis br\u012bvpr\u0101t\u012bgi. \u0160is &#8220;v\u0101rds pret v\u0101rdu&#8221; scen\u0101rijs liek tiesai un skat\u012bt\u0101jiem mekl\u0113t paties\u012bbu starp div\u0101m pretrun\u012bg\u0101m versij\u0101m, atkl\u0101jot abu person\u012bgo un profesion\u0101lo dz\u012bvju nosl\u0113pumus.<\/p>\n<p>Ferdinands fon \u0160\u012brahs, lugas autors, ir jurists ar iev\u0113rojamu starptautisku atzin\u012bbu, un vi\u0146a darbi bie\u017ei vien piev\u0113r\u0161as sare\u017e\u0123\u012btiem mor\u0101liem un \u0113tiskiem jaut\u0101jumiem. &#8220;Vi\u0146\u0161 teica, vi\u0146a teica&#8221; nav iz\u0146\u0113mums. T\u0101 ne tikai p\u0113ta #MeToo kust\u012bbas sekas un sabiedr\u012bbas reakciju uz aps\u016bdz\u012bb\u0101m par seksu\u0101lu vardarb\u012bbu, bet ar\u012b uzdod jaut\u0101jumu, cik viegli var tikt sagrauta cilv\u0113ka reput\u0101cija un k\u0101da ir sabiedr\u012bbas attieksme, aizspriedumi un tiesas bezsp\u0113c\u012bba, pie\u0146emot l\u0113mumus. Izr\u0101de piev\u0113r\u0161as ar\u012b jaut\u0101jumam par to, vai sieviete vienm\u0113r ir upuris.<\/p>\n<p>Neatrisin\u0101m\u0101s dilemmas un skat\u012bt\u0101ju l\u012bdzdal\u012bba<\/p>\n<p>Re\u017eisors Dmitrijs Petrenko uzsver, ka te\u0101tris nesniedz gal\u012bgu atbildi par vain\u012bgo vai upuri. T\u0101 viet\u0101 m\u0113r\u0137is ir par\u0101d\u012bt \u0161\u012bs sare\u017e\u0123\u012bt\u0101s t\u0113mas daudzpus\u012bbu un likt skat\u012bt\u0101jam pa\u0161am spriest par notieko\u0161o. &#8220;M\u016bsu uzdevums ir par\u0101d\u012bt \u0161o komplic\u0113to t\u0113mu,&#8221; saka Petrenko. &#8220;Luga ir tekst\u0101 balst\u012bta, bet man tas noz\u012bm\u0113ja, ka nav citu re\u017eijas pa\u0146\u0113mienu k\u0101 tikai darbs ar aktieriem.&#8221;<\/p>\n<p>Izr\u0101de ir veidota k\u0101 trillerim l\u012bdz\u012bgs tiesas process, kur\u0101 tiek atkl\u0101tas arvien jaunas deta\u013cas un pier\u0101d\u012bjumi, kas burtiski atkailina abus k\u0101dreiz\u0113jos m\u012blniekus. Tiesa s\u0101kotn\u0113ji var\u0113tu sliekties tic\u0113t sievietes st\u0101stam, ta\u010du situ\u0101cija ir daudz sare\u017e\u0123\u012bt\u0101ka. Skat\u012bt\u0101ji tiek aicin\u0101ti l\u012bdzdarboties, v\u0113rojot aktieru sniegumu un analiz\u0113jot katra varo\u0146a mot\u012bvus un paties\u012bbas mekl\u0113jumus. \u0160\u0101da pieeja liek dom\u0101t par stereotipiem, kas mums piem\u012bt attiec\u012bb\u0101 uz upuriem un varm\u0101k\u0101m, un mudina p\u0101rdom\u0101t savus aizspriedumus.<\/p>\n<p>Aktieru ansamblis, kur\u0101 iek\u013cauti t\u0101di paz\u012bstami v\u0101rdi k\u0101 Krist\u012bne Nevarauska un Andris Bulis, sniedz spilgtus un p\u0101rliecino\u0161us priek\u0161nesumus, ienesot varo\u0146u iek\u0161\u0113jo pasauli un emocion\u0101lo kr\u0101su uz skatuves. Vi\u0146u sniegums ir atsl\u0113ga, lai izprastu sare\u017e\u0123\u012bt\u0101s attiec\u012bbas un mor\u0101l\u0101s dilemmas, kas atkl\u0101jas izr\u0101des gait\u0101.<\/p>\n<p>#MeToo kust\u012bba un t\u0101s atspulgs te\u0101tr\u012b<\/p>\n<p>#MeToo kust\u012bba, kas s\u0101k\u0101s pirms vair\u0101kiem gadiem, ir main\u012bjusi glob\u0101lo diskursu par seksu\u0101lo uzm\u0101k\u0161anos un vardarb\u012bbu. T\u0101 ir likusi daudz\u0101m sabiedr\u012bbas nozar\u0113m, tostarp ar\u012b te\u0101trim, piev\u0113rsties \u0161\u012bm j\u016bt\u012bgaj\u0101m t\u0113m\u0101m ar jaunu nopietn\u012bbu. Izr\u0101de &#8220;Vi\u0146\u0161 teica, vi\u0146a teica&#8221; ir viens no spilgt\u0101kajiem piem\u0113riem tam, k\u0101 te\u0101tris var kalpot par platformu \u0161\u0101du svar\u012bgu un bie\u017ei vien s\u0101p\u012bgu jaut\u0101jumu izp\u0113tei un sabiedr\u012bbas diskusiju veicin\u0101\u0161anai.<\/p>\n<p>Dmitrijs Petrenko cer, ka izr\u0101de rais\u012bs diskusijas un mudin\u0101s skat\u012bt\u0101jus uzdot sev jaut\u0101jumus par savu nost\u0101ju un v\u0113rt\u012bb\u0101m. &#8220;Lugas las\u012b\u0161anas proces\u0101 m\u0113s vien\u0101 br\u012bd\u012b ar\u012b p\u0101rtrauc\u0101m to las\u012bt, jo visi grib\u0113ja run\u0101t un izteikties par t\u0113mu, uzdot viens otram jaut\u0101jumus &#8220;kur\u0101 pus\u0113 tu esi&#8221;,&#8221; atkl\u0101j re\u017eisors. Tas liecina par t\u0113mas aktualit\u0101ti un sp\u0113ju uzrun\u0101t da\u017e\u0101das auditorijas.<\/p>\n<p>Ferdinanda fon \u0160\u012braha lugas ir paz\u012bstamas ar savu juridisko precizit\u0101ti un spriedzes pilno si\u017eetu, kas bie\u017ei vien l\u012bdzin\u0101s dokumentalit\u0101tei. &#8220;Vi\u0146\u0161 teica, vi\u0146a teica&#8221; nav iz\u0146\u0113mums, pied\u0101v\u0101jot skat\u012bt\u0101jiem ne tikai aizraujo\u0161u st\u0101stu, bet ar\u012b intelektu\u0101lu izaicin\u0101jumu, liekot padzi\u013cin\u0101ti p\u0101rdom\u0101t tiesiskuma, mor\u0101les un cilv\u0113cisko attiec\u012bbu sare\u017e\u0123\u012bt\u012bbu. \u0160\u012b izr\u0101de ir apliecin\u0101jums te\u0101tra sp\u0113jai atspogu\u013cot m\u016bsdienu sabiedr\u012bbas b\u016btisk\u0101kos jaut\u0101jumus un rosin\u0101t dzi\u013cas refleksijas.<\/p>\n","protected":false},"excerpt":{"rendered":"Spriedzes pilna izr\u0101de par tiesas procesu un person\u012bgo paties\u012bbu Dailes te\u0101tra Jaunaj\u0101 z\u0101l\u0113 notikusi pirmizr\u0101de izr\u0101dei &#8220;Vi\u0146\u0161 teica,&hellip;\n","protected":false},"author":2,"featured_media":12612,"comment_status":"","ping_status":"","sticky":false,"template":"","format":"standard","meta":{"footnotes":""},"categories":[19],"tags":[4487,454,89,4490,90,35,39,38,36,37,34,40,4491,4489,4488],"class_list":{"0":"post-12611","1":"post","2":"type-post","3":"status-publish","4":"format-standard","5":"has-post-thumbnail","7":"category-izklaide","8":"tag-metoo","9":"tag-dailes-teatris","10":"tag-entertainment","11":"tag-ferdinands-fon-sirahs","12":"tag-izklaide","13":"tag-latvia","14":"tag-latvian","15":"tag-latviesu","16":"tag-latviesu-valoda","17":"tag-latviesuvaloda","18":"tag-latvija","19":"tag-lv","20":"tag-procesuala-drama","21":"tag-vina-teica","22":"tag-vins-teica"},"share_on_mastodon":{"url":"","error":""},"_links":{"self":[{"href":"https:\/\/www.europesays.com\/lv\/wp-json\/wp\/v2\/posts\/12611","targetHints":{"allow":["GET"]}}],"collection":[{"href":"https:\/\/www.europesays.com\/lv\/wp-json\/wp\/v2\/posts"}],"about":[{"href":"https:\/\/www.europesays.com\/lv\/wp-json\/wp\/v2\/types\/post"}],"author":[{"embeddable":true,"href":"https:\/\/www.europesays.com\/lv\/wp-json\/wp\/v2\/users\/2"}],"replies":[{"embeddable":true,"href":"https:\/\/www.europesays.com\/lv\/wp-json\/wp\/v2\/comments?post=12611"}],"version-history":[{"count":0,"href":"https:\/\/www.europesays.com\/lv\/wp-json\/wp\/v2\/posts\/12611\/revisions"}],"wp:featuredmedia":[{"embeddable":true,"href":"https:\/\/www.europesays.com\/lv\/wp-json\/wp\/v2\/media\/12612"}],"wp:attachment":[{"href":"https:\/\/www.europesays.com\/lv\/wp-json\/wp\/v2\/media?parent=12611"}],"wp:term":[{"taxonomy":"category","embeddable":true,"href":"https:\/\/www.europesays.com\/lv\/wp-json\/wp\/v2\/categories?post=12611"},{"taxonomy":"post_tag","embeddable":true,"href":"https:\/\/www.europesays.com\/lv\/wp-json\/wp\/v2\/tags?post=12611"}],"curies":[{"name":"wp","href":"https:\/\/api.w.org\/{rel}","templated":true}]}}