{"id":12635,"date":"2025-10-05T04:21:08","date_gmt":"2025-10-05T04:21:08","guid":{"rendered":"https:\/\/www.europesays.com\/lv\/12635\/"},"modified":"2025-10-05T04:21:08","modified_gmt":"2025-10-05T04:21:08","slug":"gruzijas-sapnis-atturas-sveikt-moldovas-velesanu-uzvaretajus-krievijas-ietekmes-bazas-un-nvs-dalibas-jautajums-prieksplana","status":"publish","type":"post","link":"https:\/\/www.europesays.com\/lv\/12635\/","title":{"rendered":"Gruzijas &#8220;Sapnis&#8221; atturas sveikt Moldovas v\u0113l\u0113\u0161anu uzvar\u0113t\u0101jus; Krievijas ietekmes ba\u017eas un NVS dal\u012bbas jaut\u0101jums priek\u0161pl\u0101n\u0101"},"content":{"rendered":"<p>Gruzijas piesardz\u012bba pret Moldovas v\u0113l\u0113\u0161anu rezult\u0101tiem: diplom\u0101tisk\u0101 sp\u0113le un \u0123eopolitiskie v\u0113ji<\/p>\n<p>Neskatoties uz to, ka Moldovas parlamenta v\u0113l\u0113\u0161an\u0101s p\u0101rliecino\u0161i uzvar\u0113jusi proeiropeisk\u0101 R\u012bc\u012bbas un solidarit\u0101tes partija (PAS), Gruzijas valdo\u0161\u0101 partija &#8220;Gruzijas sapnis&#8221; attur\u0113jusies no uzvar\u0113t\u0101ju apsveik\u0161anas. \u0160\u012b piesardz\u012bg\u0101 nost\u0101ja, ko izteicis ar\u012b Gruzijas premjerministrs un valdo\u0161\u0101s partijas l\u012bderis Iraklijs Kobahidze, atspogu\u013co sare\u017e\u0123\u012bt\u0101s \u0123eopolitisk\u0101s attiec\u012bbas un Gruzijas ba\u017eas par Moldovas atra\u0161anos Neatkar\u012bgo valstu sadraudz\u012bbas (NVS) sast\u0101v\u0101.<\/p>\n<p>Politisk\u0101s norises un Krievijas ietekmes ba\u017eas<\/p>\n<p>Gruzijas premjers skaidrojis, ka apsveikuma jaut\u0101jums tiks atk\u0101rtoti izv\u0113rt\u0113ts tikai p\u0113c tam, kad Moldova b\u016bs ofici\u0101li izst\u0101jusies no NVS. \u0160\u0101ds solis liecina par Gruzijas stingro nost\u0101ju attiec\u012bb\u0101 uz suverenit\u0101ti un \u0101rpolitikas virzienu. Paral\u0113li tam, Moldovas v\u0113l\u0113\u0161anu proces\u0101 tika nov\u0113rotas izteiktas \u0101rvalstu iejauk\u0161an\u0101s paz\u012bmes, tostarp dezinform\u0101cijas kampa\u0146as un centieni ietekm\u0113t v\u0113l\u0113t\u0101jus. \u0160ie notikumi piev\u0113r\u0161 uzman\u012bbu ar\u012b citu valstu, tostarp Krievijas, centieniem ietekm\u0113t re\u0123ion\u0101l\u0101s politisk\u0101s norises.<\/p>\n<p>\u0100rvalstu iejauk\u0161an\u0101s un demokr\u0101tisko procesu izaicin\u0101jumi<\/p>\n<p>Gan Moldovas, gan Gruzijas v\u0113l\u0113\u0161anu procesi p\u0113d\u0113j\u0101 laik\u0101 ir sask\u0101ru\u0161ies ar iev\u0113rojamiem m\u0113\u0123in\u0101jumiem iejaukties no malas, k\u0101 to atz\u012bm\u0113jis ar\u012b Eiropas Parlamenta deput\u0101ts Nils U\u0161akovs. Moldovas v\u0113l\u0113\u0161an\u0101s tika fiks\u0113ti da\u017e\u0101di p\u0101rk\u0101pumi, s\u0101kot no balso\u0161anas slepen\u012bbas p\u0101rk\u0101pumiem l\u012bdz pat spridzin\u0101\u0161anas draudiem v\u0113l\u0113\u0161anu iecirk\u0146os \u0101rzem\u0113s, kas, p\u0113c Moldovas \u0100rlietu ministrijas teikt\u0101, var\u0113tu b\u016bt Krievijas m\u0113\u0123in\u0101jums ietekm\u0113t v\u0113l\u0113\u0161anu gaitu. Ar\u012b Gruzij\u0101 nav izpaliku\u0161i starptautisk\u0101s sabiedr\u012bbas uzman\u012bbas notikumi, piem\u0113ram, protesti pret t\u0101 d\u0113v\u0113to &#8220;\u0101rzemju ietekmes&#8221; likumu, kas paredz \u012bpa\u0161u re\u0123istr\u0101cijas k\u0101rt\u012bbu medijiem un organiz\u0101cij\u0101m, kas sa\u0146em finans\u0113jumu no \u0101rvalst\u012bm. \u0160\u012bs likumdo\u0161anas iniciat\u012bvas ir izrais\u012bju\u0161as pla\u0161as diskusijas un sabiedr\u012bbas polariz\u0101ciju.<\/p>\n<p>\u0122eopolitisk\u0101 ainava un Gruzijas nost\u0101ja<\/p>\n<p>Gruzijas &#8220;sap\u0146a&#8221; partijas attur\u012bba no Moldovas v\u0113l\u0113\u0161anu uzvar\u0113t\u0101ju apsveik\u0161anas ir ne tikai diplom\u0101tisks \u017eests, bet ar\u012b skaidrs sign\u0101ls par Gruzijas \u0123eopolitisko orient\u0101ciju. \u0160\u012b nost\u0101ja atspogu\u013co valsts v\u0113lmi distanc\u0113ties no Krievijas ietekmes sf\u0113ras un stiprin\u0101t savas saites ar Eiropas Savien\u012bbu. Taj\u0101 pa\u0161\u0101 laik\u0101 tas rada jaut\u0101jumus par re\u0123ion\u0101lo stabilit\u0101ti un turpm\u0101ko sadarb\u012bbu starp biju\u0161aj\u0101m padomju republik\u0101m. Gruzijas parlamenta v\u0113l\u0113\u0161an\u0101s iepriek\u0161\u0113j\u0101 gad\u0101 valdo\u0161\u0101 partija &#8220;Gruzijas sapnis&#8221; guvusi p\u0101rliecino\u0161u uzvaru, tom\u0113r opoz\u012bcija ap\u0161aub\u012bjusi rezult\u0101tu ticam\u012bbu.<\/p>\n<p>N\u0101kotnes perspekt\u012bvas un starptautisk\u0101s attiec\u012bbas<\/p>\n<p>\u0160\u012b situ\u0101cija uzskat\u0101mi demonstr\u0113, cik sare\u017e\u0123\u012bti ir starptautiskie procesi un k\u0101 \u0123eopolitisk\u0101s intereses var ietekm\u0113t pat \u0161\u0137ietami vienk\u0101r\u0161us diplom\u0101tiskus pas\u0101kumus. Gruzijas piesardz\u012bba pret Moldovas jauniev\u0113l\u0113to varu liecina par dzi\u013c\u0101k\u0101m probl\u0113m\u0101m, kas saist\u012btas ar Krievijas ietekmi un valstu suverenit\u0101tes saglab\u0101\u0161anu. Turpm\u0101kais att\u012bst\u012bbas scen\u0101rijs Moldov\u0101 un Gruzij\u0101 b\u016bs atkar\u012bgs no daudziem faktoriem, tostarp no sp\u0113jas pretoties \u0101r\u0113jiem spiedieniem un \u012bstenot savu neatkar\u012bgo \u0101rpolitiku.<\/p>\n","protected":false},"excerpt":{"rendered":"Gruzijas piesardz\u012bba pret Moldovas v\u0113l\u0113\u0161anu rezult\u0101tiem: diplom\u0101tisk\u0101 sp\u0113le un \u0123eopolitiskie v\u0113ji Neskatoties uz to, ka Moldovas parlamenta v\u0113l\u0113\u0161an\u0101s&hellip;\n","protected":false},"author":2,"featured_media":12636,"comment_status":"","ping_status":"","sticky":false,"template":"","format":"standard","meta":{"footnotes":""},"categories":[14],"tags":[23,57,28,29,32,33,3507,4508,22,4116,30,31,35,39,38,36,37,34,40,1453,4113,20,4509,4510,26,27,24,25,54,55,56,21,58],"class_list":{"0":"post-12635","1":"post","2":"type-post","3":"status-publish","4":"format-standard","5":"has-post-thumbnail","7":"category-zinas-no-arvalstim","8":"tag-aktualitates","9":"tag-arvalstim","10":"tag-breaking-news","11":"tag-breakingnews","12":"tag-featured-news","13":"tag-featurednews","14":"tag-gruzija","15":"tag-gruzijas-sapnis","16":"tag-headlines","17":"tag-krievijas-ietekme","18":"tag-latest-news","19":"tag-latestnews","20":"tag-latvia","21":"tag-latvian","22":"tag-latviesu","23":"tag-latviesu-valoda","24":"tag-latviesuvaloda","25":"tag-latvija","26":"tag-lv","27":"tag-moldova","28":"tag-moldovas-velesanas","29":"tag-news","30":"tag-nvs","31":"tag-pas","32":"tag-popularakas-zinas","33":"tag-popularakaszinas","34":"tag-top-stories","35":"tag-topstories","36":"tag-world","37":"tag-world-news","38":"tag-worldnews","39":"tag-zinas","40":"tag-zinas-no-arvalstim"},"share_on_mastodon":{"url":"","error":""},"_links":{"self":[{"href":"https:\/\/www.europesays.com\/lv\/wp-json\/wp\/v2\/posts\/12635","targetHints":{"allow":["GET"]}}],"collection":[{"href":"https:\/\/www.europesays.com\/lv\/wp-json\/wp\/v2\/posts"}],"about":[{"href":"https:\/\/www.europesays.com\/lv\/wp-json\/wp\/v2\/types\/post"}],"author":[{"embeddable":true,"href":"https:\/\/www.europesays.com\/lv\/wp-json\/wp\/v2\/users\/2"}],"replies":[{"embeddable":true,"href":"https:\/\/www.europesays.com\/lv\/wp-json\/wp\/v2\/comments?post=12635"}],"version-history":[{"count":0,"href":"https:\/\/www.europesays.com\/lv\/wp-json\/wp\/v2\/posts\/12635\/revisions"}],"wp:featuredmedia":[{"embeddable":true,"href":"https:\/\/www.europesays.com\/lv\/wp-json\/wp\/v2\/media\/12636"}],"wp:attachment":[{"href":"https:\/\/www.europesays.com\/lv\/wp-json\/wp\/v2\/media?parent=12635"}],"wp:term":[{"taxonomy":"category","embeddable":true,"href":"https:\/\/www.europesays.com\/lv\/wp-json\/wp\/v2\/categories?post=12635"},{"taxonomy":"post_tag","embeddable":true,"href":"https:\/\/www.europesays.com\/lv\/wp-json\/wp\/v2\/tags?post=12635"}],"curies":[{"name":"wp","href":"https:\/\/api.w.org\/{rel}","templated":true}]}}