{"id":126424,"date":"2026-02-09T09:43:08","date_gmt":"2026-02-09T09:43:08","guid":{"rendered":"https:\/\/www.europesays.com\/lv\/126424\/"},"modified":"2026-02-09T09:43:08","modified_gmt":"2026-02-09T09:43:08","slug":"olari-elts-diriges-latvijas-nacionalo-simfonisko-orkestri-ar-sibeliusa-un-vaska-skandarbiem-lente-lv-2","status":"publish","type":"post","link":"https:\/\/www.europesays.com\/lv\/126424\/","title":{"rendered":"Olari Elts diri\u0123\u0113s Latvijas Nacion\u0101lo simfonisko or\u0137estri ar Sib\u0113liusa un Vaska ska\u0146darbiem\u00a0\u2014\u00a0Lente.lv"},"content":{"rendered":"<p>Koncerts R\u012bgas Kongresu nam\u0101 ar biju\u0161\u0101 galven\u0101 diri\u0123enta piedal\u012b\u0161anos<\/p>\n<p>13. febru\u0101r\u012b pulksten 19:00 R\u012bgas Kongresu nam\u0101 notiks Latvijas Nacion\u0101l\u0101 simfonisk\u0101 or\u0137estra (LNSO) koncerts, kur\u0101 pie diri\u0123enta pults atgriez\u012bsies igau\u0146u diri\u0123ents Olari Eltss. Eltss, kur\u0161 LNSO galven\u0101 diri\u0123enta amatu ie\u0146\u0113ma no 2001. l\u012bdz 2006. gadam, p\u0113c ilg\u0101ka p\u0101rtraukuma atkal vad\u012bs or\u0137estri. \u0160\u012b atkalredz\u0113\u0161an\u0101s ir gaid\u012bts notikums gan m\u016bzi\u0137iem, gan klaus\u012bt\u0101jiem, atz\u012bm\u0113jot noz\u012bm\u012bgu posmu or\u0137estra att\u012bst\u012bb\u0101.<\/p>\n<p>Programma: Vasks, Sib\u0113liuss un laikmet\u012bgie komponisti<\/p>\n<p>Koncertprogramm\u0101 skan\u0113s P\u0113tera Vaska Pirmais \u010dellkoncerts, kur\u0101 k\u0101 solists uzst\u0101sies spo\u017eais latvie\u0161u \u010dellists Kristaps Bergs. \u0160is ska\u0146darbs atspogu\u013co komponista att\u0113lot\u0101s individu\u0101l\u0101 un brut\u0101las varas konfront\u0101cijas. Programmu papildin\u0101s ar\u012b igau\u0146u komponista Erki Svena T\u012bra ska\u0146darbs &#8220;Saknes mekl\u0113jot&#8221; un skotu komponistes Teas Musgreivas &#8220;Burvja dziesma&#8221;, abi darbi rad\u012bti par godu somu komponista \u017dana Sib\u0113liusa 125. jubilejai. Koncerta kulmin\u0101cij\u0101 izskan\u0113s \u017dana Sib\u0113liusa Piekt\u0101 simfonija.<\/p>\n<p>Olari Elts \u2013 starptautiski atz\u012bts diri\u0123ents<\/p>\n<p>Olari Eltss ir viens no iev\u0113rojam\u0101kajiem igau\u0146u diri\u0123entiem, paz\u012bstams ar savu rado\u0161o drosmi un dzi\u013co muzik\u0101lo izpratni. Vi\u0146a starptautisk\u0101 karjera ietver sadarb\u012bbu ar vado\u0161ajiem or\u0137estriem Eirop\u0101, \u0100zij\u0101, Austr\u0101lij\u0101 un Zieme\u013camerik\u0101. Kop\u0161 2020. gada Eltss ir Igaunijas Nacion\u0101l\u0101 simfonisk\u0101 or\u0137estra galvenais diri\u0123ents.<\/p>\n<p>Kristaps Bergs \u2013 daudzsolo\u0161s \u010dellists<\/p>\n<p>Latvie\u0161u \u010dellists Kristaps Bergs ir iecien\u012bts m\u016bzi\u0137is, kura sniegumu raksturo gan tehnisk\u0101 meistar\u012bba, gan sp\u0113ja nodot klaus\u012bt\u0101jiem m\u016bzikas nians\u0113to emocion\u0101lo v\u0113st\u012bjumu. Vi\u0146a interpret\u0101cija P\u0113tera Vaska \u010cellkoncert\u0101 sola \u012bpa\u0161i aizraujo\u0161u klaus\u012b\u0161an\u0101s pieredzi.<\/p>\n","protected":false},"excerpt":{"rendered":"Koncerts R\u012bgas Kongresu nam\u0101 ar biju\u0161\u0101 galven\u0101 diri\u0123enta piedal\u012b\u0161anos 13. febru\u0101r\u012b pulksten 19:00 R\u012bgas Kongresu nam\u0101 notiks Latvijas&hellip;\n","protected":false},"author":2,"featured_media":126409,"comment_status":"","ping_status":"","sticky":false,"template":"","format":"standard","meta":{"footnotes":"","_share_on_mastodon":"0"},"categories":[19],"tags":[89,90,25188,35,39,38,36,37,34,5365,40,28050,997,28531],"class_list":["post-126424","post","type-post","status-publish","format-standard","has-post-thumbnail","category-izklaide","tag-entertainment","tag-izklaide","tag-kristaps-bergs","tag-latvia","tag-latvian","tag-latviesu","tag-latviesu-valoda","tag-latviesuvaloda","tag-latvija","tag-lnso","tag-lv","tag-olari-eltss","tag-peteris-vasks","tag-zans-sibeliuss"],"share_on_mastodon":{"url":"https:\/\/pubeurope.com\/@lv\/116040027533472275","error":""},"_links":{"self":[{"href":"https:\/\/www.europesays.com\/lv\/wp-json\/wp\/v2\/posts\/126424","targetHints":{"allow":["GET"]}}],"collection":[{"href":"https:\/\/www.europesays.com\/lv\/wp-json\/wp\/v2\/posts"}],"about":[{"href":"https:\/\/www.europesays.com\/lv\/wp-json\/wp\/v2\/types\/post"}],"author":[{"embeddable":true,"href":"https:\/\/www.europesays.com\/lv\/wp-json\/wp\/v2\/users\/2"}],"replies":[{"embeddable":true,"href":"https:\/\/www.europesays.com\/lv\/wp-json\/wp\/v2\/comments?post=126424"}],"version-history":[{"count":0,"href":"https:\/\/www.europesays.com\/lv\/wp-json\/wp\/v2\/posts\/126424\/revisions"}],"wp:featuredmedia":[{"embeddable":true,"href":"https:\/\/www.europesays.com\/lv\/wp-json\/wp\/v2\/media\/126409"}],"wp:attachment":[{"href":"https:\/\/www.europesays.com\/lv\/wp-json\/wp\/v2\/media?parent=126424"}],"wp:term":[{"taxonomy":"category","embeddable":true,"href":"https:\/\/www.europesays.com\/lv\/wp-json\/wp\/v2\/categories?post=126424"},{"taxonomy":"post_tag","embeddable":true,"href":"https:\/\/www.europesays.com\/lv\/wp-json\/wp\/v2\/tags?post=126424"}],"curies":[{"name":"wp","href":"https:\/\/api.w.org\/{rel}","templated":true}]}}