{"id":12645,"date":"2025-10-05T05:01:13","date_gmt":"2025-10-05T05:01:13","guid":{"rendered":"https:\/\/www.europesays.com\/lv\/12645\/"},"modified":"2025-10-05T05:01:13","modified_gmt":"2025-10-05T05:01:13","slug":"ec-kulminacija-skujins-ar-komandas-biedriem-startes-elites-grupas-brauciena-ritenbrauksana-sportacentrs-com","status":"publish","type":"post","link":"https:\/\/www.europesays.com\/lv\/12645\/","title":{"rendered":"E\u010c kulmin\u0101cij\u0101 Skuji\u0146\u0161 ar komandas biedriem start\u0113s elites grupas braucien\u0101 \u2013 Rite\u0146brauk\u0161ana \u2013 Sportacentrs.com"},"content":{"rendered":"<p>Desmitais UEC Eiropas \u010dempion\u0101ts \u0161osejas rite\u0146brauk\u0161an\u0101 ir \u013coti zvaig\u017e\u0146ots. Elites v\u012bru grup\u0101 uz starta redz\u0113sim tr\u012bs vado\u0161os pasaules brauc\u0113jus \u2013 pasaules \u010dempionu un \u201cTour de France\u201d uzvar\u0113t\u0101ju Tadeju Poga\u010daru, olimpisko \u010dempionu un pasaules, k\u0101 ar\u012b Eiropas \u010dempionu individu\u0101laj\u0101 braucien\u0101 Remko Evenep\u016blu, un \u201cVuelta a Espa\u00f1a\u201d uzvar\u0113t\u0101ju Jonasu Vingeg\u0101rdu. Par vienu no pretendentiem c\u012b\u0146\u0101 par meda\u013c\u0101m tiek uzskat\u012bts ar\u012b Latvijas izlases l\u012bderis Toms Skuji\u0146\u0161, kur\u0161 aizvad\u012btaj\u0101 ned\u0113\u013c\u0101 fini\u0161\u0113ja piektaj\u0101 viet\u0101 pasaules \u010dempion\u0101t\u0101 t\u0101laj\u0101 Ruand\u0101.<\/p>\n<p>Latviju elites v\u012bru grupas braucien\u0101 bez Toma Skuji\u0146a p\u0101rst\u0101v\u0113s ar\u012b vi\u0146a pal\u012bgs pasaules \u010dempion\u0101t\u0101 Kristi\u0101ns Belohvo\u0161\u010diks, k\u0101 ar\u012b tr\u012bsk\u0101rt\u0113jais Latvijas elites \u010dempions Em\u012bls Liepi\u0146\u0161. Ja Belohvo\u0161\u010diks izlases nometn\u0113 atrodas jau kop\u0161 otrdienas, tad Skuji\u0146\u0161 un Liepi\u0146\u0161 pievienoj\u0101s piektdien. Sestdien komanda aizvad\u012bja treni\u0146u, veicot svar\u012bg\u0101kos trases posmus.<\/p>\n<p>Sacens\u012bbu distances profils Skuji\u0146am ir gana piem\u0113rots. Lai ar\u012b pirmais ap\u013ca k\u0101pums ir gar\u0161 un st\u0101vs, ir ar\u012b l\u012bdzen\u0101ki posmi, kas \u013caus p\u0101rgrup\u0113t sp\u0113kus n\u0101kamajiem k\u0101pumiem. Pirm\u0101 k\u0101puma garums ir 7 kilometri. Sekos \u013coti gar\u0161 un \u0101trs nobrauciens, tad l\u012bdzen\u0101ks posms, bet beigu da\u013c\u0101 \u2013 st\u0101vs, nepilnus 2 kilometrus gar\u0161 pac\u0113lums un atkal nobrauciens pirms fini\u0161a. Mazaj\u0101 apl\u012b liel\u0101 k\u0101puma neb\u016bs, ta\u010du izaicin\u0101jumu rad\u012bs jau piemin\u0113tais 2 kilometru pac\u0113lums.<br \/>Kop\u0113jais trases garums \u2013 203 kilometri. Starts atrad\u012bsies Privas pils\u0113ti\u0146\u0101, no kurienes sportisti dosies 45 kilometru p\u0101rbraucien\u0101 uz Valensas ap\u013ciem. Tur priek\u0161\u0101 gaida tr\u012bs lielie un tr\u012bs maz\u0101ki ap\u013ci.<\/p>\n<p>Em\u012bls un Kristi\u0101ns dar\u012bs visu, lai Tomu nog\u0101d\u0101tu poz\u012bcij\u0101 pirms pirm\u0101 ap\u013ca k\u0101puma, kas b\u016bs \u013coti \u0161aurs. Peletona toni, protams, noteiks lielvalstis \u2013 Be\u013c\u0123ija, Slov\u0113nija, D\u0101nija un Francija, kur\u0101m ir vair\u0101k brauc\u0113ju, ko ziedot taktikai. Jau dr\u012bz p\u0113c starta var prognoz\u0113t atr\u0101viena izveido\u0161anos, kas, dom\u0101jams, tiks stingri kontrol\u0113ts.<\/p>\n<p>Bez piemin\u0113t\u0101 favor\u012btu trio un latvie\u0161iem j\u0101izce\u013c ar\u012b Huans Ajuso (Sp\u0101nija), \u017do\u0101 Almeida (Portug\u0101le), Lenards Kemna (V\u0101cija), Marks Hir\u0161\u012b (\u0160veice) un citi. Start\u0113s nedaudz virs 100 sportistiem.<\/p>\n<p>Sacens\u012bb\u0101m var\u0113s sekot l\u012bdzi kan\u0101l\u0101 Eurosport1. To s\u0101kums \u2013 plkst. 12.45 p\u0113c Latvijas laika.<\/p>\n<p>Izmantotie resursi:<br \/>lrf.lv<\/p>\n","protected":false},"excerpt":{"rendered":"Desmitais UEC Eiropas \u010dempion\u0101ts \u0161osejas rite\u0146brauk\u0161an\u0101 ir \u013coti zvaig\u017e\u0146ots. Elites v\u012bru grup\u0101 uz starta redz\u0113sim tr\u012bs vado\u0161os pasaules&hellip;\n","protected":false},"author":2,"featured_media":12646,"comment_status":"","ping_status":"","sticky":false,"template":"","format":"standard","meta":{"footnotes":""},"categories":[17],"tags":[35,39,38,36,37,34,40,462,67],"class_list":{"0":"post-12645","1":"post","2":"type-post","3":"status-publish","4":"format-standard","5":"has-post-thumbnail","7":"category-sports","8":"tag-latvia","9":"tag-latvian","10":"tag-latviesu","11":"tag-latviesu-valoda","12":"tag-latviesuvaloda","13":"tag-latvija","14":"tag-lv","15":"tag-ritenbrauksana","16":"tag-sports"},"share_on_mastodon":{"url":"","error":""},"_links":{"self":[{"href":"https:\/\/www.europesays.com\/lv\/wp-json\/wp\/v2\/posts\/12645","targetHints":{"allow":["GET"]}}],"collection":[{"href":"https:\/\/www.europesays.com\/lv\/wp-json\/wp\/v2\/posts"}],"about":[{"href":"https:\/\/www.europesays.com\/lv\/wp-json\/wp\/v2\/types\/post"}],"author":[{"embeddable":true,"href":"https:\/\/www.europesays.com\/lv\/wp-json\/wp\/v2\/users\/2"}],"replies":[{"embeddable":true,"href":"https:\/\/www.europesays.com\/lv\/wp-json\/wp\/v2\/comments?post=12645"}],"version-history":[{"count":0,"href":"https:\/\/www.europesays.com\/lv\/wp-json\/wp\/v2\/posts\/12645\/revisions"}],"wp:featuredmedia":[{"embeddable":true,"href":"https:\/\/www.europesays.com\/lv\/wp-json\/wp\/v2\/media\/12646"}],"wp:attachment":[{"href":"https:\/\/www.europesays.com\/lv\/wp-json\/wp\/v2\/media?parent=12645"}],"wp:term":[{"taxonomy":"category","embeddable":true,"href":"https:\/\/www.europesays.com\/lv\/wp-json\/wp\/v2\/categories?post=12645"},{"taxonomy":"post_tag","embeddable":true,"href":"https:\/\/www.europesays.com\/lv\/wp-json\/wp\/v2\/tags?post=12645"}],"curies":[{"name":"wp","href":"https:\/\/api.w.org\/{rel}","templated":true}]}}