{"id":126487,"date":"2026-02-09T10:49:11","date_gmt":"2026-02-09T10:49:11","guid":{"rendered":"https:\/\/www.europesays.com\/lv\/126487\/"},"modified":"2026-02-09T10:49:11","modified_gmt":"2026-02-09T10:49:11","slug":"dienas-kleita-%e2%9f%a9-kara-delevinja-korsete-un-bistama-dekolte","status":"publish","type":"post","link":"https:\/\/www.europesays.com\/lv\/126487\/","title":{"rendered":"DIENAS KLEITA:&#8221; \u27e9 Kara Delevinja korset\u0113 un b\u012bstam\u0101 dekolt\u0113"},"content":{"rendered":"<p>Mode ir cikliska, bet da\u017eas zvaigznes sp\u0113j pan\u0101kt, ka klasika izskat\u0101s k\u0101 modes jaunums. \u0160oreiz uzman\u012bbas centr\u0101 non\u0101kusi modele un aktrise Kara Delevinja, kura uz sarkan\u0101 pakl\u0101ja ierad\u0101s t\u0113l\u0101, kas vienlaikus izskat\u0101s gan aristokr\u0101tiski grezns, gan b\u012bstami vilino\u0161s. K\u0101ra Delevinja uz \u201cWuthering Heights\u201d pirmizr\u0101des sarkan\u0101 pakl\u0101ja ierad\u0101s t\u0113rpusies vakarkleit\u0101 no haute couture z\u012bmola Dior.<\/p>\n","protected":false},"excerpt":{"rendered":"Mode ir cikliska, bet da\u017eas zvaigznes sp\u0113j pan\u0101kt, ka klasika izskat\u0101s k\u0101 modes jaunums. \u0160oreiz uzman\u012bbas centr\u0101 non\u0101kusi&hellip;\n","protected":false},"author":2,"featured_media":126488,"comment_status":"","ping_status":"","sticky":false,"template":"","format":"standard","meta":{"footnotes":"","_share_on_mastodon":"0"},"categories":[19],"tags":[9587,89,90,28543,35,39,38,36,37,34,40,175,3068],"class_list":["post-126487","post","type-post","status-publish","format-standard","has-post-thumbnail","category-izklaide","tag-dienas-kleita","tag-entertainment","tag-izklaide","tag-kara-delavinja","tag-latvia","tag-latvian","tag-latviesu","tag-latviesu-valoda","tag-latviesuvaloda","tag-latvija","tag-lv","tag-mode","tag-modeles"],"share_on_mastodon":{"url":"https:\/\/pubeurope.com\/@lv\/116040287035215605","error":""},"_links":{"self":[{"href":"https:\/\/www.europesays.com\/lv\/wp-json\/wp\/v2\/posts\/126487","targetHints":{"allow":["GET"]}}],"collection":[{"href":"https:\/\/www.europesays.com\/lv\/wp-json\/wp\/v2\/posts"}],"about":[{"href":"https:\/\/www.europesays.com\/lv\/wp-json\/wp\/v2\/types\/post"}],"author":[{"embeddable":true,"href":"https:\/\/www.europesays.com\/lv\/wp-json\/wp\/v2\/users\/2"}],"replies":[{"embeddable":true,"href":"https:\/\/www.europesays.com\/lv\/wp-json\/wp\/v2\/comments?post=126487"}],"version-history":[{"count":0,"href":"https:\/\/www.europesays.com\/lv\/wp-json\/wp\/v2\/posts\/126487\/revisions"}],"wp:featuredmedia":[{"embeddable":true,"href":"https:\/\/www.europesays.com\/lv\/wp-json\/wp\/v2\/media\/126488"}],"wp:attachment":[{"href":"https:\/\/www.europesays.com\/lv\/wp-json\/wp\/v2\/media?parent=126487"}],"wp:term":[{"taxonomy":"category","embeddable":true,"href":"https:\/\/www.europesays.com\/lv\/wp-json\/wp\/v2\/categories?post=126487"},{"taxonomy":"post_tag","embeddable":true,"href":"https:\/\/www.europesays.com\/lv\/wp-json\/wp\/v2\/tags?post=126487"}],"curies":[{"name":"wp","href":"https:\/\/api.w.org\/{rel}","templated":true}]}}