{"id":12683,"date":"2025-10-05T05:43:19","date_gmt":"2025-10-05T05:43:19","guid":{"rendered":"https:\/\/www.europesays.com\/lv\/12683\/"},"modified":"2025-10-05T05:43:19","modified_gmt":"2025-10-05T05:43:19","slug":"latvijas-motokrosa-juniori-sonedel-belgija-startes-nakotnes-ceribu-kausa-motoru-sports-sportacentrs-com","status":"publish","type":"post","link":"https:\/\/www.europesays.com\/lv\/12683\/","title":{"rendered":"Latvijas motokrosa juniori \u0161oned\u0113\u013c Be\u013c\u0123ij\u0101 start\u0113s N\u0101kotnes cer\u012bbu kaus\u0101 \u2013 Motoru sports \u2013 Sportacentrs.com"},"content":{"rendered":"<p>Latvijas motokrosa sezona nosl\u0113gusies un laiks komandu sacens\u012bb\u0101m, pier\u0101d\u012bt sevi pasaules m\u0113rog\u0101. \u201cCoupe de l\u2019Avenier\u201d norisin\u0101sies 53. reizi un Latvijas izlases c\u012b\u0146a \u0161aj\u0101s junioru motokrosa komandu sacens\u012bb\u0101s b\u016bs c\u012b\u0146a par galveno trofeju \u2013 starp 13 valst\u012bm gan individu\u0101li, gan k\u0101 komandai.<\/p>\n<p>Tradicion\u0101li, Latvijas Junioru izlase \u201cCoupe de l\u2019Avenier\u201d piedal\u012bsies ar trim komand\u0101m, pirmo reizi \u0161aj\u0101s sacens\u012bb\u0101s piedal\u012bsies 4 no 9 sportistiem, k\u0101 ar\u012b Latvijas komandai ir \u012bpa\u0161i numuri no 1 l\u012bdz 9. Jaun\u0101kaj\u0101 klas\u0113, MX65 piedal\u0101s: #7 R\u016bdolfs Spila (MX Rodeo) #8 Alans B\u0113rzi\u0146\u0161 (Motosports Racing Team)  #9 Ronalds Titovs (MX \u0100da\u017ei). MX85 klas\u0113: #1 Ri\u010dards Jur\u010denko (Motosports Racing Team)   #2 Art\u016brs Vinters (J\u0101\u0146a Vintera Moto Team R\u012bga) #3 Magnuss Misi\u0146\u0161 (Motosports Racing Team), savuk\u0101rt MX Open klas\u0113 piedal\u012bsies #4 Roberts L\u016bsis (MK Livonija) #5 Alberts Knap\u0161is (MX Rodeo)  #6 Edvards Bidz\u0101ns (MX Rodeo).<\/p>\n<p>Jaunie\u0161u izlases treneri, mentori un padomdev\u0113ji \u0161aj\u0101s sacens\u012bb\u0101s b\u016bs Arnis Kalni\u0146\u0161, Andris \u0160tendenbergs, K\u0101rlis Kal\u0113js un F\u012blips Kempelis.<\/p>\n<p>\u201cJo vair\u0101k starptautisku sacens\u012bbu pieredzes jaunajiem motosportistiem, jo lab\u0101k. \u0160aj\u0101s sacens\u012bb\u0101s vair\u0101kus gadus sevi ir apliecin\u0101ju\u0161i ar\u012b br\u0101\u013ci Rei\u0161u\u013ci, kas ir lielisks piem\u0113rs b\u0113rniem un jaunie\u0161iem, lai redz\u0113tu, ka ir iesp\u0113jas sasniegt augst\u0101kos motokrosa pak\u0101pienus. Edvardam Bidz\u0101nam \u0161aj\u0101 tras\u0113 ir jau vair\u0101ku gadu pieredze, no maz\u0101k\u0101s klases l\u012bdz pat jaunie\u0161u, vi\u0146\u0161 noteikti var\u0113s dal\u012bties pieredz\u0113 ar jaun\u0101kajiem, \u0161\u012b ned\u0113\u013cas nogale ir \u012bsts saldais \u0113diens motokrosa l\u012bdzjut\u0113jiem. Nov\u0113lu veiksmi visiem m\u016bsu sportistiem, lai izdodas g\u016bt gan v\u0113rt\u012bgu pieredzi, gan pan\u0101kumus,\u201d M\u0101rti\u0146\u0161 Lazdovskis, Latvijas Motosporta feder\u0101cijas prezidents.<\/p>\n<p>\u201cCoupe de l\u2019Avenier\u201d izlases vad\u012bt\u0101js F\u012blips Kempelis: \u201cN\u0101kotnes cer\u012bbu kauss, uzskatu, ka tie\u0161i \u0161is nosaukums \u013coti atbilsto\u0161s \u2013 \u0161aj\u0101s sacens\u012bb\u0101s jaunie\u0161i, kas ikdien\u0101 sacen\u0161as individu\u0101li, m\u0101c\u0101s str\u0101d\u0101t komand\u0101, p\u0101rst\u0101v\u0113t savu valsti. Izlases vad\u012bt\u0101js esmu vienpadsmito gadu un \u0161ogad tras\u0113 ir main\u012bti elementi, starts, ar\u012b tiem sportistiem, kas jau biju\u0161i, b\u016bs interesanti. \u0160obr\u012bd r\u0101da main\u012bgus laikapst\u0101k\u013cus, trase ir cieta seguma, bet stipra lietus gad\u012bjum\u0101 t\u0101 \u0101tri k\u013c\u016bst par gr\u016btu dub\u013cu vannu, bet m\u0113s jau zin\u0101m \u2013 j\u0101m\u0101k braukt da\u017e\u0101dos apst\u0101k\u013cos un trase visiem b\u016bs vien\u0101da. Ja skat\u0101mies \u0161o sezonu ar\u012b pasaules \u010dempion\u0101ta posmos ir \u013coti daudz lijis lietus un tie\u0161i \u0161\u0101dos apst\u0101k\u013cos m\u0113s redzam, kur\u0161 uz treni\u0146iem iet, pat ja \u0101r\u0101 l\u012bst lietus, kas str\u0101d\u0101 pie savas meistar\u012bbas.\u201d<\/p>\n<p>\u0160aj\u0101s sacens\u012bb\u0101s tiek v\u0113rt\u0113ti sportisti gan individu\u0101li, gan katras klases komanda c\u012bn\u0101s par savu komandas v\u0113rt\u0113jumu, k\u0101 ar\u012b tiek izc\u012bn\u012bta \u201cJo\u00ebl Robert Trophy\u201d, kur tiek saskait\u012bti visu tr\u012bs komandu rezult\u0101ti kop\u0101, un \u0161\u012b ar\u012b tiek uzskat\u012bta par galveno trofeju \u0161aj\u0101s sacens\u012bb\u0101s. MX65 klasei ir divi braucieni, bet MX85 un Coupe Open grup\u0101m tr\u012bs braucieni.<\/p>\n<p>Inform\u0101ciju sagatavoja:<br \/>Anda Podzi\u0146a<\/p>\n","protected":false},"excerpt":{"rendered":"Latvijas motokrosa sezona nosl\u0113gusies un laiks komandu sacens\u012bb\u0101m, pier\u0101d\u012bt sevi pasaules m\u0113rog\u0101. \u201cCoupe de l\u2019Avenier\u201d norisin\u0101sies 53. reizi&hellip;\n","protected":false},"author":2,"featured_media":12684,"comment_status":"","ping_status":"","sticky":false,"template":"","format":"standard","meta":{"footnotes":""},"categories":[17],"tags":[35,39,38,36,37,34,40,165,67],"class_list":{"0":"post-12683","1":"post","2":"type-post","3":"status-publish","4":"format-standard","5":"has-post-thumbnail","7":"category-sports","8":"tag-latvia","9":"tag-latvian","10":"tag-latviesu","11":"tag-latviesu-valoda","12":"tag-latviesuvaloda","13":"tag-latvija","14":"tag-lv","15":"tag-motoru-sports","16":"tag-sports"},"share_on_mastodon":{"url":"","error":""},"_links":{"self":[{"href":"https:\/\/www.europesays.com\/lv\/wp-json\/wp\/v2\/posts\/12683","targetHints":{"allow":["GET"]}}],"collection":[{"href":"https:\/\/www.europesays.com\/lv\/wp-json\/wp\/v2\/posts"}],"about":[{"href":"https:\/\/www.europesays.com\/lv\/wp-json\/wp\/v2\/types\/post"}],"author":[{"embeddable":true,"href":"https:\/\/www.europesays.com\/lv\/wp-json\/wp\/v2\/users\/2"}],"replies":[{"embeddable":true,"href":"https:\/\/www.europesays.com\/lv\/wp-json\/wp\/v2\/comments?post=12683"}],"version-history":[{"count":0,"href":"https:\/\/www.europesays.com\/lv\/wp-json\/wp\/v2\/posts\/12683\/revisions"}],"wp:featuredmedia":[{"embeddable":true,"href":"https:\/\/www.europesays.com\/lv\/wp-json\/wp\/v2\/media\/12684"}],"wp:attachment":[{"href":"https:\/\/www.europesays.com\/lv\/wp-json\/wp\/v2\/media?parent=12683"}],"wp:term":[{"taxonomy":"category","embeddable":true,"href":"https:\/\/www.europesays.com\/lv\/wp-json\/wp\/v2\/categories?post=12683"},{"taxonomy":"post_tag","embeddable":true,"href":"https:\/\/www.europesays.com\/lv\/wp-json\/wp\/v2\/tags?post=12683"}],"curies":[{"name":"wp","href":"https:\/\/api.w.org\/{rel}","templated":true}]}}