{"id":126928,"date":"2026-02-09T20:37:03","date_gmt":"2026-02-09T20:37:03","guid":{"rendered":"https:\/\/www.europesays.com\/lv\/126928\/"},"modified":"2026-02-09T20:37:03","modified_gmt":"2026-02-09T20:37:03","slug":"latvijas-nacionalajam-simfoniskajam-orkestrim-pastmarka-par-godu-simtgadei-lente-lv","status":"publish","type":"post","link":"https:\/\/www.europesays.com\/lv\/126928\/","title":{"rendered":"Latvijas Nacion\u0101lajam simfoniskajam or\u0137estrim \u2013 pastmarka par godu simtgadei\u00a0\u2014\u00a0Lente.lv"},"content":{"rendered":"<p>Jubilejas izdevums godin\u0101s m\u016bzikas le\u0123endu<\/p>\n<p>Svinot Latvijas Nacion\u0101l\u0101 simfonisk\u0101 or\u0137estra (LNSO) iev\u0113rojamo 100. jubileju, Latvijas Pasts izdos \u012bpa\u0161u pastmarku un aploksni, godinot \u0161o noz\u012bm\u012bgo kult\u016bras notikumu. \u0160is filat\u0113lijas izdevums ir apliecin\u0101jums LNSO ilgajai un bag\u0101t\u012bgajai v\u0113sturei, k\u0101 ar\u012b t\u0101 noz\u012bm\u012bgajai lomai Latvijas kult\u016bras ainav\u0101. K\u0101 zi\u0146o av\u012bze Diena, pastmarkas un aploksnes dizain\u0101 integr\u0113ts komponista Edgara M\u0101kena rad\u012btais LNSO ska\u0146as logo, pie\u0161\u0137irot tam unik\u0101lu v\u0113rt\u012bbu.<\/p>\n<p>LNSO \u2013 kult\u016bras pamatakmens ar gadsimtu ilgu v\u0113sturi<\/p>\n<p>Latvijas Nacion\u0101lais simfoniskais or\u0137estris dibin\u0101ts 1926. gad\u0101 k\u0101 R\u012bgas Radiofona or\u0137estris un \u0161obr\u012bd atz\u012bm\u0113 savu simto past\u0101v\u0113\u0161anas sezonu. Gandr\u012bz gadsimtu ilgais ce\u013c\u0161 ir padar\u012bjis LNSO par vienu no nacion\u0101l\u0101s kult\u016bras pamatakme\u0146iem. Or\u0137estra misija ir pied\u0101v\u0101t klaus\u012bt\u0101jiem augstv\u0113rt\u012bgu simfonisk\u0101s m\u016bzikas izpild\u012bjumu, iepaz\u012bstinot Latvijas publiku ar pasaules m\u016bzikas v\u0113rt\u012bb\u0101m un aktualit\u0101t\u0113m, vienlaikus populariz\u0113jot Latvijas muzik\u0101lo mantojumu pasaul\u0113.<\/p>\n<p>\u012apa\u0161\u0101 pastmarka un aploksne<\/p>\n<p>Jubilejas pastmarkas nomin\u0101lv\u0113rt\u012bba ir 3,00 eiro, un t\u0101 tiks izdota 10 000 eksempl\u0101ros. Papildus pastmarkai tiks izgatavota ar\u012b \u012bpa\u0161a dizaina aploksne, kuras tir\u0101\u017ea b\u016bs 500 eksempl\u0101ri. M\u0101kslinieks Kri\u0161s Salmanis ir veidojis gan pastmarkas, gan aploksnes, gan pirm\u0101s dienas z\u012bmoga dizainu, rado\u0161i integr\u0113jot taj\u0101 LNSO ska\u0146as logo. \u0160\u0101da filat\u0113lijas izdevumu s\u0113rija ne tikai godina or\u0137estri, bet ar\u012b veicina interesi par pastmarku kolekcion\u0113\u0161anu un Latvijas kult\u016bras mantojumu.<\/p>\n<p>Pirm\u0101s dienas z\u012bmogo\u0161ana un pieejam\u012bba<\/p>\n<p>Jauno pastmarku un aploksni var\u0113s ieg\u0101d\u0101ties no 12. febru\u0101ra. Pirm\u0101s dienas z\u012bmogo\u0161ana notiks taj\u0101 pa\u0161\u0101 dien\u0101 no plkst. 12.00 l\u012bdz 16.00 R\u012bgas Kongresu nam\u0101, K. Valdem\u0101ra iel\u0101 5. Or\u0137estris savu simto sezonu aizvada tie\u0161i R\u012bgas Kongresu nam\u0101, kas simboliski iez\u012bm\u0113 ce\u013cu uz pl\u0101noto n\u0101kamo R\u012bgas Filharmoniju. Interesenti jaun\u0101s pastmarkas un aploksnes var\u0113s ieg\u0101d\u0101ties liel\u0101ko pils\u0113tu klientu centros un pasta noda\u013c\u0101s, k\u0101 ar\u012b \u201cLatvijas Pasta\u201d e-veikal\u0101.<\/p>\n<p>LNSO \u2013 valsts noz\u012bmes kult\u016bras simbols<\/p>\n<p>\u201cLatvijas Pasts\u201d valdes loceklis Andris Puri\u0146\u0161 uzsver LNSO valstisko noz\u012bm\u012bgumu, nor\u0101dot, ka gan pasts, gan or\u0137estris nes Latvijas v\u0101rdu pasaul\u0113, katrs sav\u0101 izpausmes veid\u0101. LNSO direktore Indra L\u016bkina pauda gandar\u012bjumu par sadarb\u012bbu, akcent\u0113jot, ka pastmarka par\u0101da LNSO noz\u012bm\u012bbu un or\u0137estra misiju sasniegt ikvienu Latvijas iedz\u012bvot\u0101ju. Simtgades gad\u0101 or\u0137estris turpina savu akt\u012bvo darb\u012bbu, pied\u0101v\u0101jot klaus\u012bt\u0101jiem gan pla\u0161u simfonisk\u0101s m\u016bzikas repertu\u0101ru, gan izgl\u012btojo\u0161as programmas jaunie\u0161iem un b\u0113rniem.<\/p>\n","protected":false},"excerpt":{"rendered":"Jubilejas izdevums godin\u0101s m\u016bzikas le\u0123endu Svinot Latvijas Nacion\u0101l\u0101 simfonisk\u0101 or\u0137estra (LNSO) iev\u0113rojamo 100. jubileju, Latvijas Pasts izdos \u012bpa\u0161u&hellip;\n","protected":false},"author":2,"featured_media":126929,"comment_status":"","ping_status":"","sticky":false,"template":"","format":"standard","meta":{"footnotes":"","_share_on_mastodon":"0"},"categories":[5],"tags":[23,28,29,32,33,22,30,31,35,39,38,36,37,34,2923,3973,5365,40,20,9741,26,27,10460,24,25,21],"class_list":["post-126928","post","type-post","status-publish","format-standard","has-post-thumbnail","category-aktualitates","tag-aktualitates","tag-breaking-news","tag-breakingnews","tag-featured-news","tag-featurednews","tag-headlines","tag-latest-news","tag-latestnews","tag-latvia","tag-latvian","tag-latviesu","tag-latviesu-valoda","tag-latviesuvaloda","tag-latvija","tag-latvijas-nacionalais-simfoniskais-orkestris","tag-latvijas-pasts","tag-lnso","tag-lv","tag-news","tag-pastmarka","tag-popularakas-zinas","tag-popularakaszinas","tag-simtgade","tag-top-stories","tag-topstories","tag-zinas"],"share_on_mastodon":{"url":"https:\/\/pubeurope.com\/@lv\/116042599134489257","error":""},"_links":{"self":[{"href":"https:\/\/www.europesays.com\/lv\/wp-json\/wp\/v2\/posts\/126928","targetHints":{"allow":["GET"]}}],"collection":[{"href":"https:\/\/www.europesays.com\/lv\/wp-json\/wp\/v2\/posts"}],"about":[{"href":"https:\/\/www.europesays.com\/lv\/wp-json\/wp\/v2\/types\/post"}],"author":[{"embeddable":true,"href":"https:\/\/www.europesays.com\/lv\/wp-json\/wp\/v2\/users\/2"}],"replies":[{"embeddable":true,"href":"https:\/\/www.europesays.com\/lv\/wp-json\/wp\/v2\/comments?post=126928"}],"version-history":[{"count":0,"href":"https:\/\/www.europesays.com\/lv\/wp-json\/wp\/v2\/posts\/126928\/revisions"}],"wp:featuredmedia":[{"embeddable":true,"href":"https:\/\/www.europesays.com\/lv\/wp-json\/wp\/v2\/media\/126929"}],"wp:attachment":[{"href":"https:\/\/www.europesays.com\/lv\/wp-json\/wp\/v2\/media?parent=126928"}],"wp:term":[{"taxonomy":"category","embeddable":true,"href":"https:\/\/www.europesays.com\/lv\/wp-json\/wp\/v2\/categories?post=126928"},{"taxonomy":"post_tag","embeddable":true,"href":"https:\/\/www.europesays.com\/lv\/wp-json\/wp\/v2\/tags?post=126928"}],"curies":[{"name":"wp","href":"https:\/\/api.w.org\/{rel}","templated":true}]}}