{"id":12734,"date":"2025-10-05T06:48:15","date_gmt":"2025-10-05T06:48:15","guid":{"rendered":"https:\/\/www.europesays.com\/lv\/12734\/"},"modified":"2025-10-05T06:48:15","modified_gmt":"2025-10-05T06:48:15","slug":"riga-sacies-latvijas-kulturas-akademijas-festivals-patriarha-rudens-ar-bagatigu-programmu-lente-lv","status":"publish","type":"post","link":"https:\/\/www.europesays.com\/lv\/12734\/","title":{"rendered":"R\u012bg\u0101 s\u0101cies Latvijas Kult\u016bras akad\u0113mijas festiv\u0101ls \u201cPatriarha rudens\u201d ar bag\u0101t\u012bgu programmu\u00a0\u2014\u00a0Lente.lv"},"content":{"rendered":"<p>Latvijas Kult\u016bras akad\u0113mijas festiv\u0101ls \u201cPatriarha rudens\u201d ien\u0101k R\u012bg\u0101 ar bag\u0101t\u012bgu programmu<\/p>\n<p>Jau \u0161odien, 4. oktobr\u012b, Latvijas Kult\u016bras akad\u0113mijas (LKA) ikgad\u0113jais m\u0101kslas festiv\u0101ls \u201cPatriarha rudens\u201d atver savas durvis R\u012bg\u0101, pied\u0101v\u0101jot skat\u012bt\u0101jiem aizraujo\u0161u vair\u0101k nek\u0101 30 notikumu programmu, kas ilgs l\u012bdz 10. oktobrim. Festiv\u0101ls sniegsies ar\u012b t\u0101l\u0101k, 18. oktobr\u012b aizce\u013cojot uz St\u0101merienu.<\/p>\n<p>\u0160ogad festiv\u0101ls \u012bpa\u0161u uzman\u012bbu piev\u0113r\u0161 kust\u012bbai k\u0101 univers\u0101lai valodai, kas sp\u0113j p\u0101rvar\u0113t komunik\u0101cijas robe\u017eas. T\u0101 sauklis \u201cSavieno\u0161an\u0101s kust\u012bb\u0101\u201d atspogu\u013cosies gan pla\u0161aj\u0101 publiskaj\u0101 programm\u0101, gan meistarklas\u0113s studentiem. K\u0101 nor\u0101da festiv\u0101la organizatori, \u201cPatriarha rudens\u201d ir k\u013cuvis par noz\u012bm\u012bgu platformu, kur LKA studenti demonstr\u0113 savus jaunrades darbus, sadarbojoties ar nozares profesion\u0101\u013ciem un sa\u0146emot v\u0113rt\u012bgas atsauksmes. \u0160is festiv\u0101ls, kas norisin\u0101s kop\u0161 2010. gada, vienm\u0113r ir bijis par\u0101d\u012bba, kur\u0101 savijas da\u017e\u0101das m\u0101kslas formas, tostarp te\u0101tris, deja un kino.<\/p>\n<p>Kino un skatuves m\u0101kslas daudzveid\u012bba<\/p>\n<p>\u012apa\u0161i izce\u013cama ir festiv\u0101la kino sada\u013ca, kas \u013caus skat\u012bt\u0101jiem iepaz\u012bties ar jaun\u0101kajiem darbiem, ko rad\u012bju\u0161i LKA Nacion\u0101l\u0101s filmu skolas un LKA Latvijas Kult\u016bras koled\u017eas studenti un absolventi. T\u0101pat programm\u0101 iek\u013cautas tr\u012bspadsmit te\u0101tra un dejas izr\u0101des \u2013 gan studentu, gan profesion\u0101\u013cu veidoti darbi \u2013 k\u0101 ar\u012b \u010detras mini izr\u0101des, dramaturgu las\u012bjumi un tr\u012bs filmu skates. Interesenti aicin\u0101ti uz \u010detr\u0101m publisk\u0101m lekcij\u0101m, kas papildin\u0101s festiv\u0101la pied\u0101v\u0101jumu.<\/p>\n<p>Festiv\u0101la atkl\u0101\u0161ana notiks \u0161odien, 4. oktobr\u012b, plkst. 14.00 LKA E. Smi\u013c\u0123a Te\u0101tra muzej\u0101, un to veidos re\u017eisors Elm\u0101rs Se\u0146kovs kop\u0101 ar LKA pirm\u0101 kursa studentiem. Nosl\u0113gum\u0101, 10. oktobr\u012b plkst. 20.00 LKA te\u0101tra m\u0101j\u0101 \u201cZirgu pasts\u201d, notiks jau ceturt\u0101 te\u0101tra antibalvas \u201cZelta mu\u0161a\u201d pasnieg\u0161anas ceremonija. \u0160\u012b ceremonija, kas ar humoru un nopietn\u012bbu v\u0113rt\u0113 aizvad\u012bto te\u0101tra sezonu, noteikti rad\u012bs spilgtas emocijas.<\/p>\n<p>St\u0101merienas pils k\u013c\u016bst par m\u0101kslas nori\u0161u centru<\/p>\n<p>18. oktobr\u012b festiv\u0101ls papla\u0161in\u0101s savu \u0123eogr\u0101fiju un viesosies St\u0101merienas pil\u012b. Tur notiks LKA studentu un absolventu jaunrades darbu izlase, k\u0101 ar\u012b \u012bpa\u0161a \u012bsfilmu skate, kas pied\u0101v\u0101s ce\u013cojumu cauri da\u017e\u0101diem laika periodiem un dz\u012bves pieredz\u0113m, s\u0101kot no 19. gadsimta lauku dz\u012bves l\u012bdz pat m\u016bsdienu studiju kr\u012bz\u0113m. Filmu skates garums b\u016bs 90 min\u016btes, un t\u0101s b\u016bs skat\u0101mas ar latvie\u0161u un ang\u013cu valodas subtitriem.<\/p>\n<p>Festiv\u0101la \u201cPatriarha rudens\u201d m\u0113r\u0137is ir vienot rado\u0161os pr\u0101tus, veicin\u0101t sadarb\u012bbu starp da\u017e\u0101d\u0101m akad\u0113mijas apak\u0161programm\u0101m un augstskol\u0101m, k\u0101 ar\u012b \u013caut studentiem ne tikai par\u0101d\u012bt savus darbus, bet ar\u012b m\u0101c\u012bties no profesion\u0101\u013cu atsauksm\u0113m un kritikas. Tas ir svar\u012bgs solis jauno m\u0101kslinieku att\u012bst\u012bb\u0101, dodot vi\u0146iem iesp\u0113ju izpausties un pilnveidoties.<\/p>\n","protected":false},"excerpt":{"rendered":"Latvijas Kult\u016bras akad\u0113mijas festiv\u0101ls \u201cPatriarha rudens\u201d ien\u0101k R\u012bg\u0101 ar bag\u0101t\u012bgu programmu Jau \u0161odien, 4. oktobr\u012b, Latvijas Kult\u016bras akad\u0113mijas&hellip;\n","protected":false},"author":2,"featured_media":12735,"comment_status":"","ping_status":"","sticky":false,"template":"","format":"standard","meta":{"footnotes":""},"categories":[19],"tags":[89,90,35,39,38,36,37,34,1224,40,4539,4538,172,4531],"class_list":{"0":"post-12734","1":"post","2":"type-post","3":"status-publish","4":"format-standard","5":"has-post-thumbnail","7":"category-izklaide","8":"tag-entertainment","9":"tag-izklaide","10":"tag-latvia","11":"tag-latvian","12":"tag-latviesu","13":"tag-latviesu-valoda","14":"tag-latviesuvaloda","15":"tag-latvija","16":"tag-latvijas-kulturas-akademija","17":"tag-lv","18":"tag-makslas-festivals","19":"tag-patriarha-rudens","20":"tag-riga","21":"tag-teatris-un-kino"},"share_on_mastodon":{"url":"","error":""},"_links":{"self":[{"href":"https:\/\/www.europesays.com\/lv\/wp-json\/wp\/v2\/posts\/12734","targetHints":{"allow":["GET"]}}],"collection":[{"href":"https:\/\/www.europesays.com\/lv\/wp-json\/wp\/v2\/posts"}],"about":[{"href":"https:\/\/www.europesays.com\/lv\/wp-json\/wp\/v2\/types\/post"}],"author":[{"embeddable":true,"href":"https:\/\/www.europesays.com\/lv\/wp-json\/wp\/v2\/users\/2"}],"replies":[{"embeddable":true,"href":"https:\/\/www.europesays.com\/lv\/wp-json\/wp\/v2\/comments?post=12734"}],"version-history":[{"count":0,"href":"https:\/\/www.europesays.com\/lv\/wp-json\/wp\/v2\/posts\/12734\/revisions"}],"wp:featuredmedia":[{"embeddable":true,"href":"https:\/\/www.europesays.com\/lv\/wp-json\/wp\/v2\/media\/12735"}],"wp:attachment":[{"href":"https:\/\/www.europesays.com\/lv\/wp-json\/wp\/v2\/media?parent=12734"}],"wp:term":[{"taxonomy":"category","embeddable":true,"href":"https:\/\/www.europesays.com\/lv\/wp-json\/wp\/v2\/categories?post=12734"},{"taxonomy":"post_tag","embeddable":true,"href":"https:\/\/www.europesays.com\/lv\/wp-json\/wp\/v2\/tags?post=12734"}],"curies":[{"name":"wp","href":"https:\/\/api.w.org\/{rel}","templated":true}]}}