{"id":12757,"date":"2025-10-05T07:09:12","date_gmt":"2025-10-05T07:09:12","guid":{"rendered":"https:\/\/www.europesays.com\/lv\/12757\/"},"modified":"2025-10-05T07:09:12","modified_gmt":"2025-10-05T07:09:12","slug":"hamas-gatavs-mieram-izraelai-japartrauc-gazas-joslas-bombardesana-2","status":"publish","type":"post","link":"https:\/\/www.europesays.com\/lv\/12757\/","title":{"rendered":"&#8220;Ham\u0101s&#8221; gatavs mieram, Izra\u0113lai j\u0101p\u0101rtrauc Gazas joslas bombard\u0113\u0161ana"},"content":{"rendered":"<p>ASV prezidents Donalds Tramps pazi\u0146ojis, ka palest\u012bnie\u0161u grup\u0113jums &#8220;Ham\u0101s&#8221; esot gatavs ilgsto\u0161am mieram, un aicin\u0101jis Izra\u0113lu nekav\u0113joties p\u0101rtraukt Gazas joslas bombard\u0113\u0161anu, lai iesp\u0113jotu dro\u0161u \u0137\u012blnieku atbr\u012bvo\u0161anu.<\/p>\n<p>Soci\u0101laj\u0101 platform\u0101 &#8220;Truth Social&#8221; Tramps rakst\u012bja: <\/p>\n<blockquote><p>Balstoties uz pazi\u0146ojumu, kuru nupat izteica &#8220;Ham\u0101s&#8221;, es ticu, ka vi\u0146i ir gatavi ilgsto\u0161am mieram. Izra\u0113lai vajag nekav\u0113joties p\u0101rtraukt Gazas bombard\u0113\u0161anu, lai m\u0113s var\u0113tu dro\u0161i un \u0101tri izvest \u0137\u012blniekus.&#8221;<\/p><\/blockquote>\n<p>&#8220;Ham\u0101s&#8221; piektdien bija pazi\u0146ojis, ka pie\u0146em da\u017eus Trampa miera pl\u0101na elementus, tai skait\u0101 esot gatavs nodot varu un atbr\u012bvot atliku\u0161os \u0137\u012blniekus, ta\u010du da\u013cai priek\u0161likumu v\u0113l nepiecie\u0161amas papildu konsult\u0101cijas starp palest\u012bnie\u0161iem.<\/p>\n<p>Tramps sav\u0101 pazi\u0146ojum\u0101 uzsv\u0113ra, ka pa\u0161laik situ\u0101cija re\u0123ion\u0101 ir p\u0101r\u0101k b\u012bstama, ta\u010du sarunas par deta\u013c\u0101m jau notiek. &#8220;Tas nav tikai par Gazu \u2013 tas ir par ilgi mekl\u0113to mieru Tuvajos Austrumos,&#8221; vi\u0146\u0161 nor\u0101d\u012bja.<\/p>\n<blockquote><p>ASV Balt\u0101 nama administr\u0101cija ar\u012b publiski dal\u012bjusies ar &#8220;Ham\u0101s&#8221; pazi\u0146ojumu \u2013 r\u012bc\u012bba, kas tiek v\u0113rt\u0113ta k\u0101 bezprecedenta solis no amerik\u0101\u0146u prezidenta puses.<\/p><\/blockquote>\n<p>V\u0113l\u0101k \u012bs\u0101 videouzrun\u0101 Tramps atzin\u012bgi nov\u0113rt\u0113ja &#8220;Ham\u0101s&#8221; nost\u0101ju un pateic\u0101s Katarai, \u0112\u0123iptei, Sa\u016bda Ar\u0101bijai, Turcijai un Jord\u0101nijai par diplom\u0101tisko starpniec\u012bbu. &#8220;\u0160\u012b ir \u013coti \u012bpa\u0161a diena, varb\u016bt pat bezprecedenta,&#8221; vi\u0146\u0161 sac\u012bja, piebilstot, ka gaida br\u012bdi, kad \u0137\u012blnieki atgriez\u012bsies m\u0101j\u0101s pie saviem vec\u0101kiem.<\/p>\n<p>Tikm\u0113r Izra\u0113las premjerministrs Benjamins Netanjahu esot bijis p\u0101rsteigts par Trampa pazi\u0146ojumu. K\u0101 v\u0113sta zi\u0146u port\u0101ls &#8220;Axios&#8221;, Netanjahu uzskata, ka &#8220;Ham\u0101s&#8221; izteikumi nesaskan ar galvenajiem Trampa miera pl\u0101na principiem.<\/p>\n<p>Tramps iepriek\u0161 bija devis &#8220;Ham\u0101s&#8221; laiku l\u012bdz sv\u0113tdienai atbild\u0113t uz vi\u0146a miera priek\u0161likumu, pret\u0113j\u0101 gad\u012bjum\u0101 br\u012bdinot par &#8220;elli&#8221;. Savuk\u0101rt &#8220;Ham\u0101s&#8221; p\u0101rst\u0101vji Trampa aicin\u0101jumu Izra\u0113lai p\u0101rtraukt bombard\u0113\u0161anu nod\u0113v\u0113ja par &#8220;iedro\u0161ino\u0161u&#8221;, ta\u010du piebilda, ka vi\u0146a pl\u0101ns joproj\u0101m esot &#8220;divdom\u012bgs un neskaidrs&#8221;.<\/p>\n<p>Lasi ar\u012b!<\/p>\n<p>&#13;<br \/>\n&#13;<br \/>\n<a target=\"_blank\" href=\"https:\/\/www.1188.lv\/zinas\/piedzivos-elli-kadu-neviens-vel-nav-redzejis-tramps-izvirza-ultimatu-hamas\/55547\" rel=\"nofollow noopener\">&#8220;Piedz\u012bvos elli, k\u0101du neviens v\u0113l nav redz\u0113jis.&#8221; Tramps izvirza ultim\u0101tu &#8220;Ham\u0101s&#8221;<\/a>&#13;<br \/>\n&#13;<br \/>\n<\/p>\n<p>&#13;<br \/>\n&#13;<br \/>\n<a target=\"_blank\" href=\"https:\/\/www.1188.lv\/zinas\/tramps-nosaka-25-tarifu-mebelem-un-skapjiem\/55422\" rel=\"nofollow noopener\">Tramps nosaka 25% tarifu m\u0113bel\u0113m un skapjiem<\/a>&#13;<br \/>\n&#13;<br \/><\/p>\n","protected":false},"excerpt":{"rendered":"ASV prezidents Donalds Tramps pazi\u0146ojis, ka palest\u012bnie\u0161u grup\u0113jums &#8220;Ham\u0101s&#8221; esot gatavs ilgsto\u0161am mieram, un aicin\u0101jis Izra\u0113lu nekav\u0113joties p\u0101rtraukt&hellip;\n","protected":false},"author":2,"featured_media":12758,"comment_status":"","ping_status":"","sticky":false,"template":"","format":"standard","meta":{"footnotes":""},"categories":[14],"tags":[129,960,318,23,57,28,29,32,33,22,30,31,35,39,38,36,37,34,40,20,26,27,961,319,962,320,24,25,54,55,56,21,58],"class_list":{"0":"post-12757","1":"post","2":"type-post","3":"status-publish","4":"format-standard","5":"has-post-thumbnail","7":"category-zinas-no-arvalstim","8":"tag-__typenameadvicekeyword","9":"tag-id1007","10":"tag-id1144","11":"tag-aktualitates","12":"tag-arvalstim","13":"tag-breaking-news","14":"tag-breakingnews","15":"tag-featured-news","16":"tag-featurednews","17":"tag-headlines","18":"tag-latest-news","19":"tag-latestnews","20":"tag-latvia","21":"tag-latvian","22":"tag-latviesu","23":"tag-latviesu-valoda","24":"tag-latviesuvaloda","25":"tag-latvija","26":"tag-lv","27":"tag-news","28":"tag-popularakas-zinas","29":"tag-popularakaszinas","30":"tag-slugdonalds-tramps","31":"tag-slugizraela","32":"tag-titledonalds-tramps","33":"tag-titleizraela","34":"tag-top-stories","35":"tag-topstories","36":"tag-world","37":"tag-world-news","38":"tag-worldnews","39":"tag-zinas","40":"tag-zinas-no-arvalstim"},"share_on_mastodon":{"url":"","error":""},"_links":{"self":[{"href":"https:\/\/www.europesays.com\/lv\/wp-json\/wp\/v2\/posts\/12757","targetHints":{"allow":["GET"]}}],"collection":[{"href":"https:\/\/www.europesays.com\/lv\/wp-json\/wp\/v2\/posts"}],"about":[{"href":"https:\/\/www.europesays.com\/lv\/wp-json\/wp\/v2\/types\/post"}],"author":[{"embeddable":true,"href":"https:\/\/www.europesays.com\/lv\/wp-json\/wp\/v2\/users\/2"}],"replies":[{"embeddable":true,"href":"https:\/\/www.europesays.com\/lv\/wp-json\/wp\/v2\/comments?post=12757"}],"version-history":[{"count":0,"href":"https:\/\/www.europesays.com\/lv\/wp-json\/wp\/v2\/posts\/12757\/revisions"}],"wp:featuredmedia":[{"embeddable":true,"href":"https:\/\/www.europesays.com\/lv\/wp-json\/wp\/v2\/media\/12758"}],"wp:attachment":[{"href":"https:\/\/www.europesays.com\/lv\/wp-json\/wp\/v2\/media?parent=12757"}],"wp:term":[{"taxonomy":"category","embeddable":true,"href":"https:\/\/www.europesays.com\/lv\/wp-json\/wp\/v2\/categories?post=12757"},{"taxonomy":"post_tag","embeddable":true,"href":"https:\/\/www.europesays.com\/lv\/wp-json\/wp\/v2\/tags?post=12757"}],"curies":[{"name":"wp","href":"https:\/\/api.w.org\/{rel}","templated":true}]}}