{"id":12765,"date":"2025-10-05T07:14:10","date_gmt":"2025-10-05T07:14:10","guid":{"rendered":"https:\/\/www.europesays.com\/lv\/12765\/"},"modified":"2025-10-05T07:14:10","modified_gmt":"2025-10-05T07:14:10","slug":"aicina-apmeklet-konferenci-energodialogs-2025-par-eku-energoefektivitati-un-ilgtspejigu-transportu-uzladets","status":"publish","type":"post","link":"https:\/\/www.europesays.com\/lv\/12765\/","title":{"rendered":"Aicina apmekl\u0113t konferenci \u201cEnergoDialogs 2025\u201d par \u0113ku energoefektivit\u0101ti un ilgtsp\u0113j\u012bgu transportu \u2013 Uzl\u0101d\u0113ts"},"content":{"rendered":"<p>2025. gada 17. oktobr\u012b L\u012bgatn\u0113, rado\u0161aj\u0101 kvart\u0101l\u0101 \u201cZeit\u201d, notiks EnergoDialogs 2025 \u2013 konference, kas vienuviet pulc\u0113s valsts un pa\u0161vald\u012bbu p\u0101rst\u0101vjus, nozares ekspertus un prakti\u0137us, lai piev\u0113rstos div\u0101m no svar\u012bg\u0101kaj\u0101m klimatneitralit\u0101tes t\u0113m\u0101m Latvij\u0101: \u0113ku energoefektivit\u0101tei un ilgtsp\u0113j\u012bgai mobilit\u0101tei re\u0123ionos. Pas\u0101kum\u0101 b\u016bs iesp\u0113ja uzzin\u0101t par aktu\u0101lajiem politikas pl\u0101niem, dal\u012bties pieredz\u0113 un iepaz\u012bt risin\u0101jumus, kas jau tiek \u012bstenoti Latvijas uz\u0146\u0113mumos, organiz\u0101cij\u0101s un pa\u0161vald\u012bb\u0101s.<\/p>\n<p>Konferences r\u012bta sesij\u0101 uzst\u0101sies p\u0101rst\u0101vji no Ekonomikas ministrijas, Klimata un ener\u0123\u0113tikas ministrijas un transporta nozares, iez\u012bm\u0113jot Latvijas un Eiropas politikas virzienus. Savuk\u0101rt diskusij\u0101\u00a0\u201cK\u0101 sasniegt energoefektivit\u0101tes un klimata m\u0113r\u0137us Latvij\u0101?\u201d\u00a0pieredz\u0113 dal\u012bsies eksperti un p\u0101rst\u0101vji no ministrij\u0101m. Diskusiju moder\u0113s \u017eurn\u0101lists\u00a0Gundars R\u0113ders. P\u0113cpusdien\u0101 dal\u012bbniekiem b\u016bs iesp\u0113ja izv\u0113l\u0113ties starp\u00a0div\u0101m paral\u0113l\u0101m sesij\u0101m.<\/p>\n<p>\u0112ku sektora sesij\u0101\u00a0\u201cVienas pieturas a\u0123ent\u016bras loma \u0113ku atjauno\u0161an\u0101: nepiecie\u0161am\u012bba un iesp\u0113jamie mode\u013ci\u201d tiks apskat\u012bti da\u017e\u0101di vienas pieturas a\u0123ent\u016bras pieejas piem\u0113ri Latvij\u0101, tostarp pa\u0161vald\u012bbu pieredze, k\u0101 ar\u012b jaut\u0101jumi par iedz\u012bvot\u0101ju atbalsta meh\u0101nismu praktisko ievie\u0161anu un ilgtermi\u0146a koordin\u0101ciju.<\/p>\n<p><a href=\"https:\/\/uzladets.lv\/elektrumdrive250826kv\" target=\"_blank\" rel=\"nofollow noopener\"><img decoding=\"async\" src=\"https:\/\/www.europesays.com\/lv\/wp-content\/uploads\/2025\/09\/elektrum_drive_pecapmaksa_kv.jpg\" style=\"max-width: 300px; max-height:250px;\"\/><\/a><img loading=\"lazy\" decoding=\"async\" src=\"https:\/\/www.europesays.com\/lv\/wp-content\/uploads\/2025\/09\/1758556209_464_\" border=\"0\" width=\"1\" height=\"1\"\/><\/p>\n<p>Transporta sesij\u0101\u00a0\u201cAlternat\u012bv\u0101s degvielas Vidzem\u0113: elektrifik\u0101cija, \u016bde\u0146radis un biomet\u0101ns transport\u0101\u201d tiks analiz\u0113ta invest\u012bciju vide \u00a0za\u013cin\u0101\u0161anas un inov\u0101ciju jom\u0101, ilgtsp\u0113j\u012bgas mobilit\u0101tes un infrastrukt\u016bras att\u012bst\u012bba, normat\u012bv\u0101 regul\u0113juma izaicin\u0101jumi, k\u0101 ar\u012b \u016bde\u0146ra\u017ea pilotprojektu potenci\u0101ls Latvij\u0101.<\/p>\n<p>Konferences\u00a0nosl\u0113gum\u0101\u00a0paredz\u0113ts abu paral\u0113lo\u00a0sesiju kopsavilkums un t\u012bklo\u0161an\u0101s, sniedzot iesp\u0113ju pas\u0101kuma dal\u012bbniekiem apkopot galven\u0101s atzi\u0146as un stiprin\u0101t savstarp\u0113jo sadarb\u012bbu.<\/p>\n<p>Pas\u0101kums ir atv\u0113rts pa\u0161vald\u012bbu speci\u0101listiem, nozares profesion\u0101\u013ciem, valsts p\u0101rvaldes p\u0101rst\u0101vjiem, politikas veidot\u0101jiem, energoefektivit\u0101tes un transporta jomas ekspertiem, \u0113ku apsaimniekot\u0101jiem, projektu \u012bstenot\u0101jiem, k\u0101 ar\u012b citiem interesentiem, kuru darbs vai intereses saist\u012btas ar ilgtsp\u0113j\u012bgu att\u012bst\u012bbu Latvij\u0101. Dal\u012bbu iesp\u0113jams pieteikt, aizpildot re\u0123istr\u0101cijas anketu\u00a0<a href=\"https:\/\/ej.uz\/energodialogs2025\" target=\"_blank\" rel=\"noreferrer noopener nofollow\">https:\/\/ej.uz\/energodialogs2025<\/a>.\u00a0Dal\u012bba konferenc\u0113 ir bez maksas.Re\u0123istr\u0101cija atv\u0113rta l\u012bdz 14. oktobrim vai l\u012bdz br\u012bdim, kad sasniegts maksim\u0101lais dal\u012bbnieku skaits.<\/p>\n<p>Ar pilnu konferences programmu iesp\u0113jams iepaz\u012bties Vidzemes pl\u0101no\u0161anas re\u0123iona m\u0101jaslap\u0101: <a href=\"https:\/\/ej.uz\/energodialogsprogramma\" target=\"_blank\" rel=\"noreferrer noopener nofollow\">https:\/\/ej.uz\/energodialogsprogramma<\/a>\u00a0.<\/p>\n<blockquote class=\"wp-block-quote is-layout-flow wp-block-quote-is-layout-flow\">\n<p>Ar \u0161o konferenci v\u0113lamies veicin\u0101t\u00a0m\u0113r\u0137tiec\u012bgu dialogu par to, k\u0101 klimatneitralit\u0101tes m\u0113r\u0137i p\u0101rtop praktisk\u0101 r\u012bc\u012bb\u0101\u00a0\u2013 gan \u0113ku atjauno\u0161anas, gan transporta jom\u0101. Pas\u0101kuma programma ir \u012bpa\u0161i p\u0101rdom\u0101ta \u2013 \u00a0t\u0101 pied\u0101v\u0101 dal\u012bbniekiem ne tikai izzin\u0101t politikas kontekstu, bet ar\u012b iepaz\u012bt praktiskus piem\u0113rus, profesion\u0101\u013cu pieredzi un sniedz iesp\u0113ju tikties ar cilv\u0113kiem, kuri ikdien\u0101 str\u0101d\u0101 pie \u0161iem risin\u0101jumiem.<\/p>\n<p>Vidzemes pl\u0101no\u0161anas re\u0123iona projektu vad\u012bt\u0101ja Eva Meijere<\/p><\/blockquote>\n<p>Konferenci organiz\u0113\u00a0Vidzemes pl\u0101no\u0161anas re\u0123ions, \u012bstenojot Interreg Baltijas j\u016bras re\u0123iona programmas projektus RenoWave un\u00a0HyTruck\u00a0un Interreg Europe programmas projektus\u00a0RESONANCE\u00a0un\u00a0SPOTLOG,\u00a0k\u0101 ar\u012b Eiropas Re\u0123ion\u0101l\u0101s att\u012bst\u012bbas fonda Starpre\u0123ionu inov\u0101ciju invest\u012bciju instrumenta programmas projektu\u00a0H2Value.<\/p>\n<p><img loading=\"lazy\" decoding=\"async\" width=\"791\" height=\"1024\" src=\"https:\/\/www.europesays.com\/lv\/wp-content\/uploads\/2025\/10\/EnergoDialogs-8-791x1024.webp.webp\" alt=\"EnergoDialogs 2025\" class=\"wp-image-17771\"  \/>EnergoDialogs 2025 programma (Publicit\u0101tes att\u0113ls)<\/p>\n<p><a href=\"https:\/\/mistape.com\" target=\"_blank\" rel=\"nofollow noopener\" class=\"mistape-link mistape-logo\"><\/a><\/p>\n<p>Ja rakst\u0101 paman\u012bji k\u013c\u016bdu, padod mums par to zi\u0146u, iez\u012bm\u0113jot a\u010dg\u0101rno tekstu un nospie\u017eot Ctrl+Enter. Paldies!<\/p>\n<p>&#13;<br \/>\n                    0&#13;<br \/>\n                    0&#13;<br \/>\n                    balsojumi<\/p>\n<p>Raksta nov\u0113rt\u0113jums<\/p>\n<p>\t\tPost navigation<\/p>\n","protected":false},"excerpt":{"rendered":"2025. gada 17. oktobr\u012b L\u012bgatn\u0113, rado\u0161aj\u0101 kvart\u0101l\u0101 \u201cZeit\u201d, notiks EnergoDialogs 2025 \u2013 konference, kas vienuviet pulc\u0113s valsts un&hellip;\n","protected":false},"author":2,"featured_media":12766,"comment_status":"","ping_status":"","sticky":false,"template":"","format":"standard","meta":{"footnotes":""},"categories":[16],"tags":[77,76,4548,35,39,38,36,37,34,4549,40,4550],"class_list":{"0":"post-12765","1":"post","2":"type-post","3":"status-publish","4":"format-standard","5":"has-post-thumbnail","7":"category-bizness","8":"tag-bizness","9":"tag-business","10":"tag-energodialogs","11":"tag-latvia","12":"tag-latvian","13":"tag-latviesu","14":"tag-latviesu-valoda","15":"tag-latviesuvaloda","16":"tag-latvija","17":"tag-ligatne","18":"tag-lv","19":"tag-vidzemes-planosanas-regions"},"share_on_mastodon":{"url":"","error":""},"_links":{"self":[{"href":"https:\/\/www.europesays.com\/lv\/wp-json\/wp\/v2\/posts\/12765","targetHints":{"allow":["GET"]}}],"collection":[{"href":"https:\/\/www.europesays.com\/lv\/wp-json\/wp\/v2\/posts"}],"about":[{"href":"https:\/\/www.europesays.com\/lv\/wp-json\/wp\/v2\/types\/post"}],"author":[{"embeddable":true,"href":"https:\/\/www.europesays.com\/lv\/wp-json\/wp\/v2\/users\/2"}],"replies":[{"embeddable":true,"href":"https:\/\/www.europesays.com\/lv\/wp-json\/wp\/v2\/comments?post=12765"}],"version-history":[{"count":0,"href":"https:\/\/www.europesays.com\/lv\/wp-json\/wp\/v2\/posts\/12765\/revisions"}],"wp:featuredmedia":[{"embeddable":true,"href":"https:\/\/www.europesays.com\/lv\/wp-json\/wp\/v2\/media\/12766"}],"wp:attachment":[{"href":"https:\/\/www.europesays.com\/lv\/wp-json\/wp\/v2\/media?parent=12765"}],"wp:term":[{"taxonomy":"category","embeddable":true,"href":"https:\/\/www.europesays.com\/lv\/wp-json\/wp\/v2\/categories?post=12765"},{"taxonomy":"post_tag","embeddable":true,"href":"https:\/\/www.europesays.com\/lv\/wp-json\/wp\/v2\/tags?post=12765"}],"curies":[{"name":"wp","href":"https:\/\/api.w.org\/{rel}","templated":true}]}}