{"id":12783,"date":"2025-10-05T07:25:16","date_gmt":"2025-10-05T07:25:16","guid":{"rendered":"https:\/\/www.europesays.com\/lv\/12783\/"},"modified":"2025-10-05T07:25:16","modified_gmt":"2025-10-05T07:25:16","slug":"musa-slave-davi-bertanu-ka-labako-meteju-eiropa-pec-dubai-vesturiskas-debijas-uzvaras-lente-lv","status":"publish","type":"post","link":"https:\/\/www.europesays.com\/lv\/12783\/","title":{"rendered":"Musa slav\u0113 D\u0101vi Bert\u0101nu k\u0101 lab\u0101ko met\u0113ju Eirop\u0101 p\u0113c \u201cDubai\u201d v\u0113sturisk\u0101s debijas uzvaras\u00a0\u2014\u00a0Lente.lv"},"content":{"rendered":"<p>Musa slav\u0113 D\u0101vi Bert\u0101nu k\u0101 lab\u0101ko met\u0113ju Eirop\u0101<\/p>\n<p>P\u0113c iespaid\u012bg\u0101s uzvaras p\u0101r Belgradas \u201cPartizan\u201d Eirol\u012bgas debijas sp\u0113l\u0113, Dubaijas basketbola kluba \u201cDubai\u201d sp\u0113l\u0113t\u0101js D\u017eanans Musa intervij\u0101 \u201cMozzart Sport\u201d paudis augstu atzin\u012bbu Latvijas basketbolistam D\u0101vim Bert\u0101nam, d\u0113v\u0113jot vi\u0146u par lab\u0101ko met\u0113ju Eirop\u0101. \u0160\u012b atzin\u012bba izskan\u0113jusi p\u0113c Bert\u0101na lielisk\u0101 snieguma sp\u0113l\u0113, kur\u0101 vi\u0146\u0161 guva 20 punktus, k\u013c\u016bstot par rezultat\u012bv\u0101ko sp\u0113l\u0113t\u0101ju sav\u0101 komand\u0101 un atk\u0101rtojot savu person\u012bgo rekordu Eirol\u012bg\u0101 ar pieciem prec\u012bziem t\u0101lmetieniem.<\/p>\n<p>V\u0113sturiska uzvara un Bert\u0101na spo\u017e\u0101 debija<\/p>\n<p>\u201cDubai\u201d komanda, kas \u0161osezon pirmo reizi start\u0113 ULEB Eirol\u012bg\u0101, izc\u012bn\u012bja savu pirmo v\u0113sturisko uzvaru, p\u0101rsp\u0113jot \u201cPartizan\u201d ar rezult\u0101tu 89:76. Bert\u0101ns, kur\u0161 tiek d\u0113v\u0113ts ar\u012b par \u201cLatvijas L\u0101zeri\u201d, demonstr\u0113ja elpu aizraujo\u0161u sniegumu, k\u013c\u016bstot par ma\u010da rezultat\u012bv\u0101ko sp\u0113l\u0113t\u0101ju. Vi\u0146\u0161 laukum\u0101 pavad\u012bja 25 min\u016btes un 15 sekundes, realiz\u0113jot vien\u012bgo divpunktu metienu, piecus no septi\u0146iem t\u0101lmetieniem un tr\u012bs no \u010detriem soda metieniem. Vi\u0146a individu\u0101lais sniegums, ieskaitot \u010detras rezultat\u012bvas piesp\u0113les, kas ir jauns vi\u0146a person\u012bgais rekords Eirol\u012bg\u0101, un efektivit\u0101tes koeficients 26, apliecin\u0101ja vi\u0146a iz\u0161\u0137iro\u0161o lomu komandas pan\u0101kum\u0101.<\/p>\n<p>Musa atzin\u012bba un p\u0101rejas runas<\/p>\n<p>D\u017eanans Musa, kur\u0161 pats guva 19 punktus, atkl\u0101ja, ka starpsezon\u0101 vi\u0146am biju\u0161as sarunas ar \u201cPartizan\u201d vien\u012bbu, ta\u010du vi\u0146\u0161 izv\u0113l\u0113jies pievienoties \u201cDubai\u201d. Vi\u0146a atzin\u012bba par Bert\u0101na meistar\u012bbu ir \u012bpa\u0161i noz\u012bm\u012bga, jo Musa tiek uzskat\u012bts par vienu no komandas l\u012bderiem. \u201cMan nemaz nevajag vi\u0146u piemin\u0113t \u2013 uzskatu, ka vi\u0146\u0161 ir lab\u0101kais met\u0113js Eirop\u0101. Vi\u0146u laukum\u0101 ir j\u0101atrod jebkur\u0101 iesp\u0113jam\u0101 br\u012bd\u012b,\u201d par Bert\u0101nu izteic\u0101s Musa. Vi\u0146\u0161 piebilda, ka D\u0101vis ir lielisks cilv\u0113ks gan laukum\u0101, gan \u0101rpus t\u0101, un vi\u0146\u0161 ir \u013coti priec\u012bgs par vi\u0146u.<\/p>\n","protected":false},"excerpt":{"rendered":"Musa slav\u0113 D\u0101vi Bert\u0101nu k\u0101 lab\u0101ko met\u0113ju Eirop\u0101 P\u0113c iespaid\u012bg\u0101s uzvaras p\u0101r Belgradas \u201cPartizan\u201d Eirol\u012bgas debijas sp\u0113l\u0113, Dubaijas&hellip;\n","protected":false},"author":2,"featured_media":12784,"comment_status":"","ping_status":"","sticky":false,"template":"","format":"standard","meta":{"footnotes":""},"categories":[17],"tags":[809,4554,4553,2693,35,39,38,36,37,34,40,4555,67],"class_list":{"0":"post-12783","1":"post","2":"type-post","3":"status-publish","4":"format-standard","5":"has-post-thumbnail","7":"category-sports","8":"tag-davis-bertans","9":"tag-dubai-bc","10":"tag-dzanans-musa","11":"tag-euroleague","12":"tag-latvia","13":"tag-latvian","14":"tag-latviesu","15":"tag-latviesu-valoda","16":"tag-latviesuvaloda","17":"tag-latvija","18":"tag-lv","19":"tag-partizan-belgrade","20":"tag-sports"},"share_on_mastodon":{"url":"","error":""},"_links":{"self":[{"href":"https:\/\/www.europesays.com\/lv\/wp-json\/wp\/v2\/posts\/12783","targetHints":{"allow":["GET"]}}],"collection":[{"href":"https:\/\/www.europesays.com\/lv\/wp-json\/wp\/v2\/posts"}],"about":[{"href":"https:\/\/www.europesays.com\/lv\/wp-json\/wp\/v2\/types\/post"}],"author":[{"embeddable":true,"href":"https:\/\/www.europesays.com\/lv\/wp-json\/wp\/v2\/users\/2"}],"replies":[{"embeddable":true,"href":"https:\/\/www.europesays.com\/lv\/wp-json\/wp\/v2\/comments?post=12783"}],"version-history":[{"count":0,"href":"https:\/\/www.europesays.com\/lv\/wp-json\/wp\/v2\/posts\/12783\/revisions"}],"wp:featuredmedia":[{"embeddable":true,"href":"https:\/\/www.europesays.com\/lv\/wp-json\/wp\/v2\/media\/12784"}],"wp:attachment":[{"href":"https:\/\/www.europesays.com\/lv\/wp-json\/wp\/v2\/media?parent=12783"}],"wp:term":[{"taxonomy":"category","embeddable":true,"href":"https:\/\/www.europesays.com\/lv\/wp-json\/wp\/v2\/categories?post=12783"},{"taxonomy":"post_tag","embeddable":true,"href":"https:\/\/www.europesays.com\/lv\/wp-json\/wp\/v2\/tags?post=12783"}],"curies":[{"name":"wp","href":"https:\/\/api.w.org\/{rel}","templated":true}]}}