{"id":12791,"date":"2025-10-05T07:29:06","date_gmt":"2025-10-05T07:29:06","guid":{"rendered":"https:\/\/www.europesays.com\/lv\/12791\/"},"modified":"2025-10-05T07:29:06","modified_gmt":"2025-10-05T07:29:06","slug":"florbola-virsliga-uzvaras-ulbrokai-un-kekavai-sac-piedzivo-sagravi-valmiera","status":"publish","type":"post","link":"https:\/\/www.europesays.com\/lv\/12791\/","title":{"rendered":"Florbola virsl\u012bg\u0101 uzvaras Ulbrokai un \u0136ekavai, &#8220;S\u0100C&#8221; piedz\u012bvo sagr\u0101vi Valmier\u0101"},"content":{"rendered":"<p>Latvijas florbola virsl\u012bgas sestdienas sp\u0113l\u0113s p\u0101rliecino\u0161as uzvaras guva pag\u0101ju\u0161\u0101s sezonas laure\u0101ti \u2013 \u010dempioni \u201cMasters Ulbroka\u201d\/LU un tre\u0161\u0101s vietas ieguv\u0113ji \u201c\u0136ekava\/RB&amp;B\u201d florbolisti. Savuk\u0101rt florbola klubs \u201cS\u0100C\u201d piedz\u012bvoja smagu zaud\u0113jumu.<\/p>\n<p>Ulbrokas florbolisti piekto uzvaru p\u0113c k\u0101rtas svin\u0113ja izbraukum\u0101 pie \u201cBauskas\u201d komandas. Pirm\u0101s tre\u0161da\u013cas izska\u0146\u0101 viesi zaud\u0113ja 0:2, bet tre\u0161os v\u0101rtus ielaida priek\u0161p\u0113d\u0113j\u0101 min\u016bt\u0113 \u2013 pa \u0161o laiku bumbi\u0146a bau\u0161\u0137enieku v\u0101rtos bija ielidojusi duci rei\u017eu \u2013 12:3. Valters Lapi\u0146\u0161 atz\u012bm\u0113j\u0101s ar \u201chettriku\u201d, divus golus iemeta Edijs \u0160enbergs, bet Kri\u0161j\u0101nim Tilti\u0146am \u010detri punkti par rezultat\u012bv\u0101m piesp\u0113l\u0113m.<\/p>\n<p>Pie p\u0101rliecino\u0161a pan\u0101kuma tika ar\u012b \u0137ekavie\u0161i, kuri sav\u0101s m\u0101j\u0101s ar 7:1 pieveica \u201cLielv\u0101rde\/Unihoc\u201d vien\u012bbu, kaut ar\u012b p\u0113c divam tre\u0161da\u013c\u0101m bija vad\u012bb\u0101 tikai ar 3:0. Kl\u0101vs Ziedonis Jansons guva divus v\u0101rtus un vienreiz rezultat\u012bvi piesp\u0113l\u0113ja, Tomam \u0136eir\u0101nam 1+1.<\/p>\n<p>Saulkrastu, \u0100da\u017eu un Carnikavas klubs \u201cS\u0100C\u201d p\u0113c uzvar\u0101m sezonas pirmaj\u0101s div\u0101s sp\u0113l\u0113s piedz\u012bvoja jau tre\u0161o zaud\u0113jumu p\u0113c k\u0101rtas. Izbraukum\u0101 pret florbola klubu \u201cValmiera\u201d viesi p\u0113c pirm\u0101s tre\u0161da\u013cas zaud\u0113ja jau 0:7 un paka\u013cdz\u012b\u0161anos sar\u012bkot t\u0101 ar\u012b nesp\u0113ja \u2013 2:12.<\/p>\n<p>\u201cMasters Ulbroka\u201d\/LU ar 15 punktiem piec\u0101s sp\u0113l\u0113s ir otraj\u0101 viet\u0101 aiz Koc\u0113nu \u201cRubenes\u201d (17 p.), kas gan aizvad\u012bjusi vienu sp\u0113li vair\u0101k un vinn\u0113jusi visus se\u0161us pirmos ma\u010dus. \u201c\u0136ekava\/RB&amp;B\u201d ar se\u0161iem punktiem se\u0161\u0101s sp\u0113les pak\u0101p\u0101s uz sept\u012bto vietu un apsteidza \u201cS\u0100C\u201d kam ar\u012b ir se\u0161i punkti, bet viena aizvad\u012bta sp\u0113le maz\u0101k.<\/p>\n","protected":false},"excerpt":{"rendered":"Latvijas florbola virsl\u012bgas sestdienas sp\u0113l\u0113s p\u0101rliecino\u0161as uzvaras guva pag\u0101ju\u0161\u0101s sezonas laure\u0101ti \u2013 \u010dempioni \u201cMasters Ulbroka\u201d\/LU un tre\u0161\u0101s vietas&hellip;\n","protected":false},"author":2,"featured_media":12792,"comment_status":"","ping_status":"","sticky":false,"template":"","format":"standard","meta":{"footnotes":""},"categories":[5],"tags":[639,23,28,29,32,33,22,118,30,31,35,39,38,36,37,34,40,20,26,27,443,24,25,21],"class_list":{"0":"post-12791","1":"post","2":"type-post","3":"status-publish","4":"format-standard","5":"has-post-thumbnail","7":"category-aktualitates","8":"tag-adazi","9":"tag-aktualitates","10":"tag-breaking-news","11":"tag-breakingnews","12":"tag-featured-news","13":"tag-featurednews","14":"tag-headlines","15":"tag-kekava","16":"tag-latest-news","17":"tag-latestnews","18":"tag-latvia","19":"tag-latvian","20":"tag-latviesu","21":"tag-latviesu-valoda","22":"tag-latviesuvaloda","23":"tag-latvija","24":"tag-lv","25":"tag-news","26":"tag-popularakas-zinas","27":"tag-popularakaszinas","28":"tag-ropazi","29":"tag-top-stories","30":"tag-topstories","31":"tag-zinas"},"share_on_mastodon":{"url":"","error":""},"_links":{"self":[{"href":"https:\/\/www.europesays.com\/lv\/wp-json\/wp\/v2\/posts\/12791","targetHints":{"allow":["GET"]}}],"collection":[{"href":"https:\/\/www.europesays.com\/lv\/wp-json\/wp\/v2\/posts"}],"about":[{"href":"https:\/\/www.europesays.com\/lv\/wp-json\/wp\/v2\/types\/post"}],"author":[{"embeddable":true,"href":"https:\/\/www.europesays.com\/lv\/wp-json\/wp\/v2\/users\/2"}],"replies":[{"embeddable":true,"href":"https:\/\/www.europesays.com\/lv\/wp-json\/wp\/v2\/comments?post=12791"}],"version-history":[{"count":0,"href":"https:\/\/www.europesays.com\/lv\/wp-json\/wp\/v2\/posts\/12791\/revisions"}],"wp:featuredmedia":[{"embeddable":true,"href":"https:\/\/www.europesays.com\/lv\/wp-json\/wp\/v2\/media\/12792"}],"wp:attachment":[{"href":"https:\/\/www.europesays.com\/lv\/wp-json\/wp\/v2\/media?parent=12791"}],"wp:term":[{"taxonomy":"category","embeddable":true,"href":"https:\/\/www.europesays.com\/lv\/wp-json\/wp\/v2\/categories?post=12791"},{"taxonomy":"post_tag","embeddable":true,"href":"https:\/\/www.europesays.com\/lv\/wp-json\/wp\/v2\/tags?post=12791"}],"curies":[{"name":"wp","href":"https:\/\/api.w.org\/{rel}","templated":true}]}}