{"id":12793,"date":"2025-10-05T07:30:05","date_gmt":"2025-10-05T07:30:05","guid":{"rendered":"https:\/\/www.europesays.com\/lv\/12793\/"},"modified":"2025-10-05T07:30:05","modified_gmt":"2025-10-05T07:30:05","slug":"juris-zagars-nodeve-tomu-treini-par-latvijas-labako-rezisoru-pec-nachtland-panakumiem-lente-lv","status":"publish","type":"post","link":"https:\/\/www.europesays.com\/lv\/12793\/","title":{"rendered":"Juris \u017dagars nod\u0113v\u0113 Tomu Treini par Latvijas lab\u0101ko re\u017eisoru p\u0113c &#8220;Nachtland&#8221; pan\u0101kumiem\u00a0\u2014\u00a0Lente.lv"},"content":{"rendered":"<p>Dailes te\u0101tra direktors Juris \u017dagars ir izteicis atkl\u0101tu atbalstu un augstu atzin\u012bbu jaunajam te\u0101tra re\u017eisoram Tomam Treinim, nod\u0113v\u0113jot vi\u0146u par \u0161obr\u012bd lab\u0101ko re\u017eisoru Latvij\u0101. \u0160ie v\u0101rdi izskan\u0113ja p\u0113c Dailes te\u0101tra jaun\u0101k\u0101 iestud\u0113juma &#8220;Nachtland&#8221; pirmizr\u0101des, kas sa\u0146\u0113mis pla\u0161u skat\u012bt\u0101ju un kriti\u0137u atzin\u012bbu. \u017dagars ne tikai mudina piev\u0113rst uzman\u012bbu Trei\u0146a talantam, bet ar\u012b izsaka p\u0101rliec\u012bbu par vi\u0146a turpm\u0101ko spo\u017eo karjeru.<\/p>\n<p>Jaunais talants un vi\u0146a izr\u0101de<\/p>\n<p>Toms Treinis, b\u016bdams tikai 31 gada vecum\u0101, ar iestud\u0113jumu &#8220;Nachtland&#8221; ir apliecin\u0101jis savu briedumu un dzi\u013co izpratni par te\u0101tra m\u0101kslu. Viesturs Kairi\u0161s, Dailes te\u0101tra m\u0101kslinieciskais direktors, pievienojas \u017dagara atzin\u012bbai, uzsverot Trei\u0146a unik\u0101lo sp\u0113ju str\u0101d\u0101t ar aktieriem, iedvesmot vi\u0146us un pan\u0101kt, lai katrs uz skatuves j\u016btas k\u0101 st\u0101sta galvenais varonis. \u0160\u012b re\u017eisora prasme rad\u012bt kop\u012bgu v\u012bziju un p\u0101rliec\u012bbu aktieru vid\u016b ir viens no galvenajiem vi\u0146a pan\u0101kumu st\u016brakme\u0146iem. Pats Treinis gan galveno uzslavu novirza saviem aktieriem, pau\u017eot pateic\u012bbu par vi\u0146u uztic\u012bbu un ieguld\u012bjumu kop\u012bgaj\u0101 darb\u0101. <\/p>\n<blockquote>\n<p>&#8220;Iesaku piev\u0113rst vi\u0146am uzman\u012bbu!&#8221; &#8211; Juris \u017dagars uzskata Tomu Treini par \u0161obr\u012bd Latvij\u0101 lab\u0101ko te\u0101tra re\u017eisoru.<\/p>\n<\/blockquote>\n<p>Izr\u0101de &#8220;Nachtland&#8221;, kas balst\u012bta uz Mariusa fon Maienburga lugu, piev\u0113r\u0161as aktu\u0101l\u0101m un bie\u017ei vien ne\u0113rt\u0101m t\u0113m\u0101m, liekot skat\u012bt\u0101jiem aizdom\u0101ties par mor\u0101laj\u0101m dilemm\u0101m m\u016bsdienu sabiedr\u012bb\u0101. Tas ir st\u0101sts par m\u0101su un br\u0101li, kuri atrod sava t\u0113va mantojum\u0101 nacistisk\u0101s V\u0101cijas laika artefaktu, liekot vi\u0146iem iz\u0161\u0137irties starp finansi\u0101lu labumu un dzi\u013c\u0101m \u0113tisk\u0101m probl\u0113m\u0101m. Izr\u0101des saturs ir gan provokat\u012bvs, gan dzi\u013cdom\u012bgs, radot sp\u0113c\u012bgu rezonansi skat\u012bt\u0101ju vid\u016b.<\/p>\n<p>\u017dagars k\u0101 te\u0101tra l\u012bderis<\/p>\n<p>Juris \u017dagars, Dailes te\u0101tra direktora amat\u0101 str\u0101d\u0101jot jau vair\u0101kus gadus, ir pier\u0101d\u012bjis sevi k\u0101 sp\u0113c\u012bgu un vizion\u0101risku l\u012bderi. Vi\u0146\u0161 ir ne tikai veiksm\u012bgi vad\u012bjis te\u0101tra att\u012bst\u012bbu un nodro\u0161in\u0101jis finansi\u0101lo stabilit\u0101ti, bet ar\u012b veicin\u0101jis m\u0101ksliniecisk\u0101s daudzveid\u012bbas saglab\u0101\u0161anu un pieejam\u012bbu pla\u0161ai publikai. \u017dagars ir bijis kl\u0101t pie te\u0101tra \u0113kas p\u0101rb\u016bves darbu uzs\u0101k\u0161anas, demonstr\u0113jot savu ap\u0146em\u0161anos pilnveidot te\u0101tra infrastrukt\u016bru. Vi\u0146a vad\u012bbas stils ir balst\u012bts uz cie\u0146u pret komandu un kop\u012bgu m\u0113r\u0137u sasnieg\u0161anu, un vi\u0146a pa\u0161a aktiera pieredze (vair\u0101k nek\u0101 25 gadi Dailes te\u0101tr\u012b) noteikti pal\u012bdz dzi\u013c\u0101k izprast m\u0101kslinieku vajadz\u012bbas un izaicin\u0101jumus.<\/p>\n<p>\u017dagars ir ieguvis neatsveramu pieredzi ar\u012b cit\u0101s vado\u0161\u0101s poz\u012bcij\u0101s, piem\u0113ram, b\u016bdams Vidzemes koncertz\u0101les un C\u0113su M\u0101kslas festiv\u0101la direktors, kas apliecina vi\u0146a pla\u0161o kompetenci kult\u016bras un sabiedrisko projektu vad\u012bb\u0101. Vi\u0146a l\u0113mums turpin\u0101t vad\u012bt Dailes te\u0101tri n\u0101kamos piecus gadus apliecina uztic\u012bbu vi\u0146a v\u012bzijai un sp\u0113jai nodro\u0161in\u0101t te\u0101tra ilgtsp\u0113j\u012bgu izaugsmi.<\/p>\n<p>Kritikas un uztic\u012bbas spogulis<\/p>\n<p>Toma Trei\u0146a darbs pie &#8220;Nachtland&#8221; ir izpeln\u012bjies ne tikai \u017dagara atzin\u012bbu, bet ar\u012b pla\u0161u pozit\u012bvu v\u0113rt\u0113jumu no te\u0101tra kriti\u0137iem. Recenzijas bie\u017ei vien izce\u013c re\u017eisora drosmi piev\u0113rsties sare\u017e\u0123\u012bt\u0101m t\u0113m\u0101m un sp\u0113ju rad\u012bt vizu\u0101li iespaid\u012bgus un emocion\u0101li pies\u0101tin\u0101tus iestud\u0113jumus. Vi\u0146\u0161 sp\u0113j notur\u0113t skat\u012bt\u0101ju interesi no pirm\u0101s l\u012bdz p\u0113d\u0113jai ainai, radot neaizmirstamu te\u0101tra pieredzi. Lai gan izr\u0101de skar t\u0113mas, kas var b\u016bt ne\u0113rtas un pat skumjas, Trei\u0146a re\u017eija sp\u0113j t\u0101s pasniegt ar p\u0101rdom\u0101tu pieeju, nezaud\u0113jot humora izj\u016btu un dzi\u013cumu.<\/p>\n<p>Re\u017eijas stilu raksturo smalka deta\u013cu izj\u016bta, sp\u0113ja atkl\u0101t aktieru talantu un rad\u012bt telp\u0101 unik\u0101lu atmosf\u0113ru. K\u0101 atz\u012bm\u0113 kriti\u0137i, Trei\u0146a darbs ir ne tikai tehniski meistar\u012bgs, bet ar\u012b dzi\u013ci cilv\u0113c\u012bgs, liekot skat\u012bt\u0101jiem ne tikai baud\u012bt m\u0101kslu, bet ar\u012b uzdot sev svar\u012bgus jaut\u0101jumus par dz\u012bvi, v\u0113rt\u012bb\u0101m un sabiedr\u012bbas att\u012bst\u012bbu.<\/p>\n<p>N\u0101kotnes perspekt\u012bvas<\/p>\n<p>Juris \u017dagars un Toms Treinis kop\u0101 veido sp\u0113c\u012bgu rado\u0161o tand\u0113mu Dailes te\u0101tr\u012b. \u017dagars, k\u0101 pieredz\u0113jis te\u0101tra direktors un biju\u0161ais aktieris, prot nov\u0113rt\u0113t un atbalst\u012bt jaunus talantus, savuk\u0101rt Treinis, k\u0101 strauji augo\u0161s re\u017eisors, sniedz jaunas idejas un svaigu skat\u012bjumu te\u0101tra m\u0101ksl\u0101. \u0160\u012b sadarb\u012bba sola v\u0113l daudzus aizraujo\u0161us un p\u0101rdomas raiso\u0161us te\u0101tra vakarus, kas bag\u0101tin\u0101s Latvijas kult\u016bras ainavu un iepriecin\u0101s skat\u012bt\u0101jus.<\/p>\n<p>\u017dagara prognozes par Trei\u0146a spo\u017eo n\u0101kotni ne\u0161\u0137iet p\u0101rsp\u012bl\u0113tas, \u0146emot v\u0113r\u0101 vi\u0146a l\u012bdz\u0161in\u0113jos pan\u0101kumus un nep\u0101rtraukto v\u0113lmi att\u012bst\u012bties. Tiek prognoz\u0113ts, ka Trei\u0146a ietekme uz Latvijas te\u0101tra dz\u012bvi tikai pieaugs, padarot vi\u0146u par vienu no noz\u012bm\u012bg\u0101kajiem m\u0101ksliniekiem sav\u0101 paaudz\u0113.<\/p>\n","protected":false},"excerpt":{"rendered":"Dailes te\u0101tra direktors Juris \u017dagars ir izteicis atkl\u0101tu atbalstu un augstu atzin\u012bbu jaunajam te\u0101tra re\u017eisoram Tomam Treinim, nod\u0113v\u0113jot&hellip;\n","protected":false},"author":2,"featured_media":12794,"comment_status":"","ping_status":"","sticky":false,"template":"","format":"standard","meta":{"footnotes":""},"categories":[19],"tags":[454,89,90,881,35,39,38,36,37,34,40,4557,4558,4556],"class_list":{"0":"post-12793","1":"post","2":"type-post","3":"status-publish","4":"format-standard","5":"has-post-thumbnail","7":"category-izklaide","8":"tag-dailes-teatris","9":"tag-entertainment","10":"tag-izklaide","11":"tag-juris-zagars","12":"tag-latvia","13":"tag-latvian","14":"tag-latviesu","15":"tag-latviesu-valoda","16":"tag-latviesuvaloda","17":"tag-latvija","18":"tag-lv","19":"tag-nachtland","20":"tag-teatra-rezija","21":"tag-toms-treinis"},"share_on_mastodon":{"url":"","error":""},"_links":{"self":[{"href":"https:\/\/www.europesays.com\/lv\/wp-json\/wp\/v2\/posts\/12793","targetHints":{"allow":["GET"]}}],"collection":[{"href":"https:\/\/www.europesays.com\/lv\/wp-json\/wp\/v2\/posts"}],"about":[{"href":"https:\/\/www.europesays.com\/lv\/wp-json\/wp\/v2\/types\/post"}],"author":[{"embeddable":true,"href":"https:\/\/www.europesays.com\/lv\/wp-json\/wp\/v2\/users\/2"}],"replies":[{"embeddable":true,"href":"https:\/\/www.europesays.com\/lv\/wp-json\/wp\/v2\/comments?post=12793"}],"version-history":[{"count":0,"href":"https:\/\/www.europesays.com\/lv\/wp-json\/wp\/v2\/posts\/12793\/revisions"}],"wp:featuredmedia":[{"embeddable":true,"href":"https:\/\/www.europesays.com\/lv\/wp-json\/wp\/v2\/media\/12794"}],"wp:attachment":[{"href":"https:\/\/www.europesays.com\/lv\/wp-json\/wp\/v2\/media?parent=12793"}],"wp:term":[{"taxonomy":"category","embeddable":true,"href":"https:\/\/www.europesays.com\/lv\/wp-json\/wp\/v2\/categories?post=12793"},{"taxonomy":"post_tag","embeddable":true,"href":"https:\/\/www.europesays.com\/lv\/wp-json\/wp\/v2\/tags?post=12793"}],"curies":[{"name":"wp","href":"https:\/\/api.w.org\/{rel}","templated":true}]}}