{"id":12806,"date":"2025-10-05T07:40:12","date_gmt":"2025-10-05T07:40:12","guid":{"rendered":"https:\/\/www.europesays.com\/lv\/12806\/"},"modified":"2025-10-05T07:40:12","modified_gmt":"2025-10-05T07:40:12","slug":"specigu-lietavu-izraisitos-pludos-bulgarija-vairaki-bojagajusie","status":"publish","type":"post","link":"https:\/\/www.europesays.com\/lv\/12806\/","title":{"rendered":"Sp\u0113c\u012bgu lietavu izrais\u012btos pl\u016bdos Bulg\u0101rij\u0101 vair\u0101ki boj\u0101g\u0101ju\u0161ie"},"content":{"rendered":"<p>Meln\u0101s j\u016bras k\u016brort\u0101 Elenit\u0113 viesn\u012bcu kompleks\u0101 tika atrasts k\u0101da v\u012brie\u0161a l\u012b\u0137is. Vi\u0146\u0161 nav pasp\u0113jis izgl\u0101bties, kad strauji c\u0113l\u0101s \u016bdens l\u012bmenis. Pl\u016bdos g\u0101ja boj\u0101 ar\u012b divi gl\u0101b\u0113ji.<\/p>\n<p>Savuk\u0101rt 58 gadus vecas sievietes l\u012b\u0137is tika atrasts vi\u0146as m\u0101j\u0101s zem dub\u013ciem.<\/p>\n<p>\u0100rk\u0101rt\u0113jais st\u0101voklis izsludin\u0101ts vair\u0101k\u0101s pa\u0161vald\u012bb\u0101s Bulg\u0101rijas dienvidaustrumos un zieme\u013crietumos.<\/p>\n<p>Soci\u0101laj\u0101s platform\u0101s izplat\u012btie video liecina, ka dub\u013cainu \u016bdens straumes aizskaloja automa\u0161\u012bnas vien\u0101 no galvenaj\u0101m Elenites iel\u0101m.<\/p>\n<p>Sestdien situ\u0101cija pla\u0161\u0101k\u0101 Burgasas k\u016brortu re\u0123ion\u0101 tiek raksturota k\u0101 stabila un dz\u012bve atgrie\u017eas ierastaj\u0101 ritm\u0101.<\/p>\n<p>Pl\u016bdi Eleniti sk\u0101ra p\u0113c tam, kad da\u017eu stundu laik\u0101 uz vienu kvadr\u0101tmetru nolija aptuveni 230 litri lietus, radot divus milz\u012bgus \u016bdens vi\u013c\u0146us, kas appludin\u0101ja viesn\u012bcas, m\u0101jas un ielas.<\/p>\n<p>Carevas k\u016brort\u0101 piedz\u012bvoti otrie pla\u0161ie pl\u016bdi divu gadu laik\u0101. Sp\u0113c\u012bg\u0101 lietus d\u0113\u013c p\u0101rpl\u016bda upes. Net\u0101lu no Izgrevas sabruka tilts, t\u0101d\u0113\u013c sl\u0113gts ce\u013c\u0161 uz Malko Tarnovu.<\/p>\n<p>Zem \u016bdens palika veselas \u0113kas un transportl\u012bdzek\u013ci, bet desmitiem automa\u0161\u012bnu tika ieskalotas j\u016br\u0101. Iedz\u012bvot\u0101ji un t\u016bristi patv\u0113rumu mekl\u0113ja \u0113ku aug\u0161\u0113jos st\u0101vos.<\/p>\n<p>Vides aizst\u0101vji jau gadiem ilgi ce\u013c trauksmi par b\u016bvniec\u012bbu Meln\u0101s j\u016bras piekrast\u0113, nor\u0101dot, ka t\u0101 pastiprina post\u012bjumus dabas katastrofu laik\u0101.<\/p>\n","protected":false},"excerpt":{"rendered":"Meln\u0101s j\u016bras k\u016brort\u0101 Elenit\u0113 viesn\u012bcu kompleks\u0101 tika atrasts k\u0101da v\u012brie\u0161a l\u012b\u0137is. Vi\u0146\u0161 nav pasp\u0113jis izgl\u0101bties, kad strauji c\u0113l\u0101s&hellip;\n","protected":false},"author":2,"featured_media":12807,"comment_status":"","ping_status":"","sticky":false,"template":"","format":"standard","meta":{"footnotes":""},"categories":[12],"tags":[23,63,28,29,3567,32,33,22,30,31,35,39,38,36,37,34,40,20,26,27,24,25,21],"class_list":{"0":"post-12806","1":"post","2":"type-post","3":"status-publish","4":"format-standard","5":"has-post-thumbnail","7":"category-latvija","8":"tag-aktualitates","9":"tag-arvalstis","10":"tag-breaking-news","11":"tag-breakingnews","12":"tag-bulgarija","13":"tag-featured-news","14":"tag-featurednews","15":"tag-headlines","16":"tag-latest-news","17":"tag-latestnews","18":"tag-latvia","19":"tag-latvian","20":"tag-latviesu","21":"tag-latviesu-valoda","22":"tag-latviesuvaloda","23":"tag-latvija","24":"tag-lv","25":"tag-news","26":"tag-popularakas-zinas","27":"tag-popularakaszinas","28":"tag-top-stories","29":"tag-topstories","30":"tag-zinas"},"share_on_mastodon":{"url":"","error":""},"_links":{"self":[{"href":"https:\/\/www.europesays.com\/lv\/wp-json\/wp\/v2\/posts\/12806","targetHints":{"allow":["GET"]}}],"collection":[{"href":"https:\/\/www.europesays.com\/lv\/wp-json\/wp\/v2\/posts"}],"about":[{"href":"https:\/\/www.europesays.com\/lv\/wp-json\/wp\/v2\/types\/post"}],"author":[{"embeddable":true,"href":"https:\/\/www.europesays.com\/lv\/wp-json\/wp\/v2\/users\/2"}],"replies":[{"embeddable":true,"href":"https:\/\/www.europesays.com\/lv\/wp-json\/wp\/v2\/comments?post=12806"}],"version-history":[{"count":0,"href":"https:\/\/www.europesays.com\/lv\/wp-json\/wp\/v2\/posts\/12806\/revisions"}],"wp:featuredmedia":[{"embeddable":true,"href":"https:\/\/www.europesays.com\/lv\/wp-json\/wp\/v2\/media\/12807"}],"wp:attachment":[{"href":"https:\/\/www.europesays.com\/lv\/wp-json\/wp\/v2\/media?parent=12806"}],"wp:term":[{"taxonomy":"category","embeddable":true,"href":"https:\/\/www.europesays.com\/lv\/wp-json\/wp\/v2\/categories?post=12806"},{"taxonomy":"post_tag","embeddable":true,"href":"https:\/\/www.europesays.com\/lv\/wp-json\/wp\/v2\/tags?post=12806"}],"curies":[{"name":"wp","href":"https:\/\/api.w.org\/{rel}","templated":true}]}}