{"id":12814,"date":"2025-10-05T07:47:18","date_gmt":"2025-10-05T07:47:18","guid":{"rendered":"https:\/\/www.europesays.com\/lv\/12814\/"},"modified":"2025-10-05T07:47:18","modified_gmt":"2025-10-05T07:47:18","slug":"desmitiem-tukstosi-cilveku-barselona-pieprasa-izraelai-partraukt-karu-gazas-josla","status":"publish","type":"post","link":"https:\/\/www.europesays.com\/lv\/12814\/","title":{"rendered":"Desmitiem t\u016bksto\u0161i cilv\u0113ku Barselon\u0101 pieprasa Izra\u0113lai p\u0101rtraukt karu Gazas josl\u0101"},"content":{"rendered":"<p>Sestdien Barselon\u0101 desmitiem t\u016bksto\u0161i cilv\u0113ku izg\u0101ja iel\u0101s, lai paustu nosod\u012bjumu Izra\u0113las karam Gazas josl\u0101 un aicin\u0101tu uz t\u016bl\u012bt\u0113ju mieru. P\u0113c viet\u0113j\u0101s pa\u0161vald\u012bbas apl\u0113s\u0113m, protest\u0101 piedal\u012bju\u0161ies aptuveni 70 t\u016bksto\u0161i cilv\u0113ku.<\/p>\n<p>L\u012bdz\u012bgas protesta akcijas notiek ar\u012b cit\u0101s Dienvideiropas valst\u012bs, tostarp Sp\u0101nijas galvaspils\u0113t\u0101 Madrid\u0113, k\u0101 ar\u012b It\u0101lij\u0101 un Portug\u0101l\u0113. <\/p>\n<blockquote><p>Demonstr\u0101cijas tika izsludin\u0101tas jau pirms vair\u0101k\u0101m ned\u0113\u013c\u0101m, bet to intensit\u0101te pieauga p\u0113c notikuma, kad Izra\u0113las sp\u0113ki p\u0101rtv\u0113ra hum\u0101n\u0101s pal\u012bdz\u012bbas flotili, kas bija devusies no Barselonas, cen\u0161oties p\u0101rvar\u0113t Gazas blok\u0101di.<\/p><\/blockquote>\n<p>Starp 450 flotil\u0113 eso\u0161ajiem akt\u012bvistiem, kurus Izra\u0113la aiztur\u0113ja, biju\u0161i ar\u012b vair\u0101k nek\u0101 40 Sp\u0101nijas pilso\u0146u, tostarp biju\u0161ais Barselonas m\u0113rs.<\/p>\n<blockquote><p>Protest\u0113t\u0101ji dev\u0101s cauri pils\u0113tas centram ar Palest\u012bnas karogiem un plak\u0101tiem, aicinot \u201captur\u0113t karu\u201d un &#8220;izbeigt genoc\u012bdu Gazas josl\u0101&#8221;.<\/p><\/blockquote>\n<p>It\u0101lij\u0101 jau piektdien notika pla\u0161as solidarit\u0101tes akcijas \u2013 vair\u0101k nek\u0101 divi miljoni cilv\u0113ku vis\u0101 valst\u012b piedal\u012bj\u0101s vienas dienas \u0123ener\u0101lstreik\u0101, pau\u017eot atbalstu Gazas iedz\u012bvot\u0101jiem.<\/p>\n<p>Sp\u0101nij\u0101 p\u0113d\u0113jo ned\u0113\u013cu laik\u0101 palielin\u0101jies sabiedr\u012bbas atbalsts palest\u012bnie\u0161iem, kam\u0113r kreisi noska\u0146ot\u0101 vald\u012bba pastiprina diplom\u0101tisko spiedienu uz Izra\u0113las premjera Benjamina Netanjahu vald\u012bbu. <\/p>\n<blockquote><p>Premjerministrs Pedro San\u010dess jau iepriek\u0161 nosaucis notieko\u0161o Gazas josl\u0101 par genoc\u012bdu un aicin\u0101jis liegt Izra\u0113las komand\u0101m dal\u012bbu starptautiskos sporta pas\u0101kumos.<\/p><\/blockquote>\n<p>Aicin\u0101jumi uz protestiem izskan\u0113ja p\u0113c tam, kad palest\u012bnie\u0161u grup\u0113jums &#8220;Ham\u0101s&#8221; pazi\u0146oja, ka pie\u0146em da\u013cu no ASV prezidenta Donalda Trampa pied\u0101v\u0101t\u0101 miera pl\u0101na. Tas paredz pamieru Gazas josl\u0101, \u0137\u012blnieku atbr\u012bvo\u0161anu un Izra\u0113las sp\u0113ku pak\u0101penisku atk\u0101p\u0161anos, k\u0101 ar\u012b p\u0101rejas p\u0101rvaldes izveidi starptautisk\u0101 uzraudz\u012bb\u0101.<\/p>\n<p>Izra\u0113la milit\u0101ro oper\u0101ciju Gazas josl\u0101 s\u0101ka 2023. gada 7. oktobr\u012b, rea\u0123\u0113jot uz &#8220;Ham\u0101s&#8221; sar\u012bkoto uzbrukumu, kura laik\u0101 tika nogalin\u0101ti vair\u0101k nek\u0101 1200 cilv\u0113ku, p\u0101rsvar\u0101 civiliedz\u012bvot\u0101ji, un ap 240 cilv\u0113ku tika sa\u0146emti g\u016bst\u0101.<\/p>\n<blockquote><p> P\u0113c Izra\u0113las apl\u0113s\u0113m, no 48 joproj\u0101m sag\u016bst\u012btajiem \u0137\u012blniekiem dz\u012bvi var\u0113tu b\u016bt aptuveni 20 cilv\u0113ki.<\/p><\/blockquote>\n<p>Demonstr\u0101cijas Barselon\u0101 un citviet Eirop\u0101 k\u013cuvu\u0161as par ska\u013cu sabiedr\u012bbas sign\u0101lu par nepiecie\u0161am\u012bbu pan\u0101kt mieru re\u0123ion\u0101 un piev\u0113rst uzman\u012bbu civiliedz\u012bvot\u0101ju cie\u0161an\u0101m Gazas josl\u0101.<\/p>\n<p>Lasi ar\u012b!<\/p>\n<p>&#13;<br \/>\n&#13;<br \/>\n<a target=\"_blank\" href=\"https:\/\/www.1188.lv\/zinas\/tramps-hamas-gatavs-mieram-izraelai-japartrauc-gazas-joslas-bombardesana\/55561\" rel=\"nofollow noopener\">Tramps: &#8220;Ham\u0101s&#8221; gatavs mieram, Izra\u0113lai j\u0101p\u0101rtrauc Gazas joslas bombard\u0113\u0161ana<\/a>&#13;<br \/>\n&#13;<br \/>\n<\/p>\n<p>&#13;<br \/>\n&#13;<br \/>\n<a target=\"_blank\" href=\"https:\/\/www.1188.lv\/zinas\/tramps-dod-hamas-cetras-dienas-lai-atbildetu-uz-vina-planu-kara-izbeigsanai-gazas-josla\/55383\" rel=\"nofollow noopener\">Tramps dod &#8220;Ham\u0101s&#8221; \u010detras dienas, lai atbild\u0113tu uz vi\u0146a pl\u0101nu kara izbeig\u0161anai Gazas josl\u0101<\/a>&#13;<br \/>\n&#13;<br \/>\n<\/p>\n<p>&#13;<br \/>\n&#13;<br \/>\n<a target=\"_blank\" href=\"https:\/\/www.1188.lv\/zinas\/no-gazas-pilsetas-aizbegusi-800-000-cilveku\/55335\" rel=\"nofollow noopener\">No Gazas pils\u0113tas aizb\u0113gu\u0161i 800 000 cilv\u0113ku<\/a>&#13;<br \/>\n&#13;<br \/><\/p>\n","protected":false},"excerpt":{"rendered":"Sestdien Barselon\u0101 desmitiem t\u016bksto\u0161i cilv\u0113ku izg\u0101ja iel\u0101s, lai paustu nosod\u012bjumu Izra\u0113las karam Gazas josl\u0101 un aicin\u0101tu uz t\u016bl\u012bt\u0113ju&hellip;\n","protected":false},"author":2,"featured_media":12815,"comment_status":"","ping_status":"","sticky":false,"template":"","format":"standard","meta":{"footnotes":""},"categories":[5],"tags":[129,318,2689,1209,4091,23,28,29,32,33,22,30,31,35,39,38,36,37,34,40,20,26,27,319,2690,1210,4092,320,2691,1211,4093,24,25,21],"class_list":{"0":"post-12814","1":"post","2":"type-post","3":"status-publish","4":"format-standard","5":"has-post-thumbnail","7":"category-aktualitates","8":"tag-__typenameadvicekeyword","9":"tag-id1144","10":"tag-id1165","11":"tag-id824","12":"tag-id829","13":"tag-aktualitates","14":"tag-breaking-news","15":"tag-breakingnews","16":"tag-featured-news","17":"tag-featurednews","18":"tag-headlines","19":"tag-latest-news","20":"tag-latestnews","21":"tag-latvia","22":"tag-latvian","23":"tag-latviesu","24":"tag-latviesu-valoda","25":"tag-latviesuvaloda","26":"tag-latvija","27":"tag-lv","28":"tag-news","29":"tag-popularakas-zinas","30":"tag-popularakaszinas","31":"tag-slugizraela","32":"tag-slugpalestina","33":"tag-slugpolitika","34":"tag-slugprotesti","35":"tag-titleizraela","36":"tag-titlepalestina","37":"tag-titlepolitika","38":"tag-titleprotesti","39":"tag-top-stories","40":"tag-topstories","41":"tag-zinas"},"share_on_mastodon":{"url":"","error":""},"_links":{"self":[{"href":"https:\/\/www.europesays.com\/lv\/wp-json\/wp\/v2\/posts\/12814","targetHints":{"allow":["GET"]}}],"collection":[{"href":"https:\/\/www.europesays.com\/lv\/wp-json\/wp\/v2\/posts"}],"about":[{"href":"https:\/\/www.europesays.com\/lv\/wp-json\/wp\/v2\/types\/post"}],"author":[{"embeddable":true,"href":"https:\/\/www.europesays.com\/lv\/wp-json\/wp\/v2\/users\/2"}],"replies":[{"embeddable":true,"href":"https:\/\/www.europesays.com\/lv\/wp-json\/wp\/v2\/comments?post=12814"}],"version-history":[{"count":0,"href":"https:\/\/www.europesays.com\/lv\/wp-json\/wp\/v2\/posts\/12814\/revisions"}],"wp:featuredmedia":[{"embeddable":true,"href":"https:\/\/www.europesays.com\/lv\/wp-json\/wp\/v2\/media\/12815"}],"wp:attachment":[{"href":"https:\/\/www.europesays.com\/lv\/wp-json\/wp\/v2\/media?parent=12814"}],"wp:term":[{"taxonomy":"category","embeddable":true,"href":"https:\/\/www.europesays.com\/lv\/wp-json\/wp\/v2\/categories?post=12814"},{"taxonomy":"post_tag","embeddable":true,"href":"https:\/\/www.europesays.com\/lv\/wp-json\/wp\/v2\/tags?post=12814"}],"curies":[{"name":"wp","href":"https:\/\/api.w.org\/{rel}","templated":true}]}}