{"id":12882,"date":"2025-10-05T09:13:08","date_gmt":"2025-10-05T09:13:08","guid":{"rendered":"https:\/\/www.europesays.com\/lv\/12882\/"},"modified":"2025-10-05T09:13:08","modified_gmt":"2025-10-05T09:13:08","slug":"sits-tomer-pievienosies-latvijas-futbola-izlasei","status":"publish","type":"post","link":"https:\/\/www.europesays.com\/lv\/12882\/","title":{"rendered":"\u0160its tom\u0113r pievienosies Latvijas futbola izlasei"},"content":{"rendered":"<p>Latvijas izlase sp\u0113les sav\u0101 laukum\u0101 aizvad\u012bs &#8220;Daugavas&#8221; stadion\u0101 R\u012bg\u0101, 11.oktobr\u012b tiekoties ar Andoru un 15.oktobr\u012b &#8211; ar Anglijas valstsvien\u012bbu.<\/p>\n<p>Kvalifik\u0101cijas K grupas l\u012bdere ar 15 punktiem ir Anglija, Alb\u0101nijai un Serbijai ir attiec\u012bgi asto\u0146i un septi\u0146i punkti, Latvijas futbolisti iekr\u0101ju\u0161i \u010detrus punktus, bet n\u0101kam\u0101 Latvijas pretiniece Andora ir bez punktiem.<\/p>\n<p>Pasaules kausa fin\u0101lturn\u012brs Kan\u0101d\u0101, Meksik\u0101 un ASV norisin\u0101sies 2026.gada j\u016bnij\u0101 un j\u016blij\u0101.<\/p>\n<p>Latvijas izlases kandid\u0101tu saraksts pirms sp\u0113l\u0113m ar Andoru un Angliju:<\/p>\n<p>v\u0101rtsargi &#8211; Rihards Matrevics (Pr\u0101gas &#8220;Dukla&#8221;, \u010cehija), Kri\u0161j\u0101nis Zviedris (&#8220;Riga&#8221;), Frenks D\u0101vis Orols (&#8220;Grobi\u0146a&#8221;);<\/p>\n<p>aizsargi &#8211; Daniels Balodis (Pre\u0161ovas &#8220;Tatran&#8221;, Slov\u0101kija), Andrejs Ciga\u0146iks (&#8220;Luzern&#8221;, \u0160veice), Raivis Andris Jurkovskis, Antonijs \u010cernomordijs, Maksims To\u0146i\u0161evs (visi &#8211; &#8220;Riga&#8221;), Vit\u0101lijs Jagodinskis (Pnompe\u0146as &#8220;Visakha&#8221;, Kambod\u017ea), Deniss Me\u013c\u0146iks (&#8220;Auda&#8221;), Roberts Sava\u013cnieks, Roberts Veips (abi &#8211; RFS);<\/p>\n<p>pussargi &#8211; Kristers Penkevics (&#8220;Jelgava&#8221;), Aleksejs Save\u013cjevs (&#8220;Liep\u0101ja&#8221;), L\u016bkass Vapne (&#8220;Sogndal&#8221;, Norv\u0113\u0123ija), Ren\u0101rs Varslav\u0101ns (&#8220;Riga&#8221;), Eduards Da\u0161\u0137evi\u010ds (&#8220;Auda&#8221;), Dmitrijs Zelenkovs (RFS), Kristaps Grabovskis (Kopenh\u0101genas B.93, D\u0101nija), Danila Patij\u010duks (&#8220;Liep\u0101ja&#8221;);<\/p>\n<p>uzbruc\u0113ji &#8211; Vladislavs Gutkovskis (Ted\u017eonas &#8220;Citizen&#8221;, Dienvidkoreja), Marko Reg\u017ea (&#8220;Riga&#8221;), J\u0101nis Ikaunieks (RFS), Ingars P\u016blis (&#8220;Tukums 2000&#8221;), Dario \u0160its (&#8220;Atletico Madrileno&#8221;, Sp\u0101nija).<\/p>\n","protected":false},"excerpt":{"rendered":"Latvijas izlase sp\u0113les sav\u0101 laukum\u0101 aizvad\u012bs &#8220;Daugavas&#8221; stadion\u0101 R\u012bg\u0101, 11.oktobr\u012b tiekoties ar Andoru un 15.oktobr\u012b &#8211; ar Anglijas&hellip;\n","protected":false},"author":2,"featured_media":12883,"comment_status":"","ping_status":"","sticky":false,"template":"","format":"standard","meta":{"footnotes":""},"categories":[17],"tags":[4391,714,676,715,35,39,38,36,37,34,4016,40,67],"class_list":{"0":"post-12882","1":"post","2":"type-post","3":"status-publish","4":"format-standard","5":"has-post-thumbnail","7":"category-sports","8":"tag-dario-sits","9":"tag-futbola-jaunumi","10":"tag-futbols","11":"tag-futbols-latvija","12":"tag-latvia","13":"tag-latvian","14":"tag-latviesu","15":"tag-latviesu-valoda","16":"tag-latviesuvaloda","17":"tag-latvija","18":"tag-latvijas-futbola-izlase","19":"tag-lv","20":"tag-sports"},"share_on_mastodon":{"url":"","error":""},"_links":{"self":[{"href":"https:\/\/www.europesays.com\/lv\/wp-json\/wp\/v2\/posts\/12882","targetHints":{"allow":["GET"]}}],"collection":[{"href":"https:\/\/www.europesays.com\/lv\/wp-json\/wp\/v2\/posts"}],"about":[{"href":"https:\/\/www.europesays.com\/lv\/wp-json\/wp\/v2\/types\/post"}],"author":[{"embeddable":true,"href":"https:\/\/www.europesays.com\/lv\/wp-json\/wp\/v2\/users\/2"}],"replies":[{"embeddable":true,"href":"https:\/\/www.europesays.com\/lv\/wp-json\/wp\/v2\/comments?post=12882"}],"version-history":[{"count":0,"href":"https:\/\/www.europesays.com\/lv\/wp-json\/wp\/v2\/posts\/12882\/revisions"}],"wp:featuredmedia":[{"embeddable":true,"href":"https:\/\/www.europesays.com\/lv\/wp-json\/wp\/v2\/media\/12883"}],"wp:attachment":[{"href":"https:\/\/www.europesays.com\/lv\/wp-json\/wp\/v2\/media?parent=12882"}],"wp:term":[{"taxonomy":"category","embeddable":true,"href":"https:\/\/www.europesays.com\/lv\/wp-json\/wp\/v2\/categories?post=12882"},{"taxonomy":"post_tag","embeddable":true,"href":"https:\/\/www.europesays.com\/lv\/wp-json\/wp\/v2\/tags?post=12882"}],"curies":[{"name":"wp","href":"https:\/\/api.w.org\/{rel}","templated":true}]}}