{"id":12966,"date":"2025-10-05T11:29:13","date_gmt":"2025-10-05T11:29:13","guid":{"rendered":"https:\/\/www.europesays.com\/lv\/12966\/"},"modified":"2025-10-05T11:29:13","modified_gmt":"2025-10-05T11:29:13","slug":"video-%e2%9f%a9-vietam-eiropa-plosas-specigas-vetras-amsterdama-atcelta-dala-reisu-2","status":"publish","type":"post","link":"https:\/\/www.europesays.com\/lv\/12966\/","title":{"rendered":"VIDEO \u27e9 Viet\u0101m Eirop\u0101 plos\u0101s sp\u0113c\u012bgas v\u0113tras; Amsterdam\u0101 atcelta da\u013ca reisu"},"content":{"rendered":"<p>Policija pazi\u0146oja, ka saist\u012bb\u0101 ar laikapst\u0101k\u013ciem Leterkenij\u0101 \u012arijas zieme\u013crietumos miris k\u0101ds v\u012brietis, ta\u010du detaliz\u0113tu inform\u0101ciju nesniedza.<\/p>\n<p>Laikapst\u0101k\u013cu d\u0113\u013c Amsterdamas Shipholas lidost\u0101, kas ir viena no noslogot\u0101kaj\u0101m Eirop\u0101, atcelti apm\u0113ram 80 ielidojo\u0161ie un 70 izlidojo\u0161ie reisi.<\/p>\n<blockquote class=\"twitter-tweet\">\n<p lang=\"en\" dir=\"ltr\">Storm Amy has been record breaking\u26a0\ufe0f<\/p>\n<p>An air pressure of 947.9 hPa was recorded at Baltasound, Shetland, provisionally setting a new UK lowest pressure record for October.<\/p>\n<p>Northern Ireland provisionally recorded its strongest October wind gust on record, with a gust of 92 mph\u2026 <a href=\"https:\/\/t.co\/26RyHFLrki\" rel=\"nofollow\">pic.twitter.com\/26RyHFLrki<\/a><\/p>\n<p>\u2014 Met Office (@metoffice) <a href=\"https:\/\/twitter.com\/metoffice\/status\/1974530698334646696?ref_src=twsrc%5Etfw\" rel=\"nofollow noopener\" target=\"_blank\">October 4, 2025<\/a><\/p><\/blockquote>\n<p>N\u012bderlandes meteorolo\u0123iskais dienests br\u012bdin\u0101ja par viesu\u013cv\u0113tras sp\u0113ka br\u0101zm\u0101m l\u012bdz 28 metriem sekund\u0113 Zieme\u013cj\u016br\u0101 un 21 metram sekund\u0113 uz sauszemes. Aptur\u0113ti ar\u012b vair\u0101ki pr\u0101mju savienojumi ar N\u012bderlandes Fr\u012bzu sal\u0101m.<\/p>\n<p>Daudzviet atceltas aktivit\u0101tes \u0101rpus telp\u0101m, piem\u0113ram, tirgi, sporta sacens\u012bbas un festiv\u0101li.<\/p>\n<p>Pirms tam <a href=\"https:\/\/www.tvnet.lv\/term\/556072\/vetra\" class=\"topicLink\" target=\"_blank\" rel=\"nofollow noopener\">v\u0113tra<\/a> Lielbrit\u0101nij\u0101, \u012arij\u0101 un Norv\u0113\u0123ij\u0101 izrais\u012bja elektroapg\u0101des trauc\u0113jumus, k\u0101 ar sl\u0113gti ce\u013ci, trauc\u0113ta gaisa un dzelzce\u013ca satiksme.<\/p>\n<p>Da\u017eviet Skotij\u0101 desmitiem t\u016bksto\u0161i cilv\u0113ku palika bez elektroapg\u0101des, kad v\u0113ja br\u0101zmas sasniedza 44 metrus sekund\u0113.<\/p>\n<p>London\u0101 piesardz\u012bbas d\u0113\u013c sestdien bija sl\u0113gti parki.<\/p>\n<p>Ar\u012b Norv\u0113\u0123ij\u0101 daudzviet bija elektroapg\u0101des p\u0101rtraukumi, un tika aptur\u0113ta daudzu vilcienu satiksme. Valsts meteorolo\u0123ijas instit\u016bts prognoz\u0113, ka da\u017eos rajonos turpin\u0101sies v\u0113ja br\u0101zmas un sp\u0113c\u012bgas lietavas.<\/p>\n<p><script async src=\"https:\/\/platform.twitter.com\/widgets.js\" charset=\"utf-8\"><\/script><\/p>\n","protected":false},"excerpt":{"rendered":"Policija pazi\u0146oja, ka saist\u012bb\u0101 ar laikapst\u0101k\u013ciem Leterkenij\u0101 \u012arijas zieme\u013crietumos miris k\u0101ds v\u012brietis, ta\u010du detaliz\u0113tu inform\u0101ciju nesniedza. Laikapst\u0101k\u013cu d\u0113\u013c&hellip;\n","protected":false},"author":2,"featured_media":12544,"comment_status":"","ping_status":"","sticky":false,"template":"","format":"standard","meta":{"footnotes":""},"categories":[5],"tags":[23,28,29,32,33,22,4458,30,31,35,39,38,36,37,34,40,20,26,27,24,25,4457,21],"class_list":{"0":"post-12966","1":"post","2":"type-post","3":"status-publish","4":"format-standard","5":"has-post-thumbnail","7":"category-aktualitates","8":"tag-aktualitates","9":"tag-breaking-news","10":"tag-breakingnews","11":"tag-featured-news","12":"tag-featurednews","13":"tag-headlines","14":"tag-irija","15":"tag-latest-news","16":"tag-latestnews","17":"tag-latvia","18":"tag-latvian","19":"tag-latviesu","20":"tag-latviesu-valoda","21":"tag-latviesuvaloda","22":"tag-latvija","23":"tag-lv","24":"tag-news","25":"tag-popularakas-zinas","26":"tag-popularakaszinas","27":"tag-top-stories","28":"tag-topstories","29":"tag-vetra","30":"tag-zinas"},"share_on_mastodon":{"url":"","error":""},"_links":{"self":[{"href":"https:\/\/www.europesays.com\/lv\/wp-json\/wp\/v2\/posts\/12966","targetHints":{"allow":["GET"]}}],"collection":[{"href":"https:\/\/www.europesays.com\/lv\/wp-json\/wp\/v2\/posts"}],"about":[{"href":"https:\/\/www.europesays.com\/lv\/wp-json\/wp\/v2\/types\/post"}],"author":[{"embeddable":true,"href":"https:\/\/www.europesays.com\/lv\/wp-json\/wp\/v2\/users\/2"}],"replies":[{"embeddable":true,"href":"https:\/\/www.europesays.com\/lv\/wp-json\/wp\/v2\/comments?post=12966"}],"version-history":[{"count":0,"href":"https:\/\/www.europesays.com\/lv\/wp-json\/wp\/v2\/posts\/12966\/revisions"}],"wp:featuredmedia":[{"embeddable":true,"href":"https:\/\/www.europesays.com\/lv\/wp-json\/wp\/v2\/media\/12544"}],"wp:attachment":[{"href":"https:\/\/www.europesays.com\/lv\/wp-json\/wp\/v2\/media?parent=12966"}],"wp:term":[{"taxonomy":"category","embeddable":true,"href":"https:\/\/www.europesays.com\/lv\/wp-json\/wp\/v2\/categories?post=12966"},{"taxonomy":"post_tag","embeddable":true,"href":"https:\/\/www.europesays.com\/lv\/wp-json\/wp\/v2\/tags?post=12966"}],"curies":[{"name":"wp","href":"https:\/\/api.w.org\/{rel}","templated":true}]}}