{"id":12999,"date":"2025-10-05T12:11:07","date_gmt":"2025-10-05T12:11:07","guid":{"rendered":"https:\/\/www.europesays.com\/lv\/12999\/"},"modified":"2025-10-05T12:11:07","modified_gmt":"2025-10-05T12:11:07","slug":"ko-nozime-babisa-uzvara-cehijas-parlamenta-velesanas-komente-eksperts","status":"publish","type":"post","link":"https:\/\/www.europesays.com\/lv\/12999\/","title":{"rendered":"Ko noz\u012bm\u0113 Babi\u0161a uzvara \u010cehijas parlamenta v\u0113l\u0113\u0161an\u0101s? Koment\u0113 eksperts"},"content":{"rendered":"<p>&#8220;Tas, ko m\u0113s sagaid\u012bsim, neb\u016bs tie\u0161s Ung\u0101rijas vai Slov\u0101kijas gad\u012bjums, jo Babi\u0161s nav iest\u0101jies ne pret NATO, ne aicin\u0101jis izjaukt Eiropas Savien\u012bbu,&#8221; skaidroja eksperts.<\/p>\n<p>Turkl\u0101t \u010cehijas prezidents Milo\u0161s Z\u0113mans ir skaidr\u0101 poz\u012bcij\u0101 gan attiec\u012bb\u0101 uz atbalstu Ukrainai, gan attiec\u012bb\u0101 uz NATO un Eiropas Savien\u012bbu, skaidroja Bukovskis.<\/p>\n<p>&#8220;L\u012bdz ar to situ\u0101cija k\u013c\u016bs nedaudz sare\u017e\u0123\u012bt\u0101ka, un m\u0113s vairs neredz\u0113sim \u010cehiju mums tik ierasti l\u012bdz\u012bg\u0101s poz\u012bcij\u0101s k\u0101 l\u012bdz \u0161im,&#8221; teica eksperts.<\/p>\n<p>Ta\u010du ar\u012b katastrofa nav notikusi, vi\u0146\u0161 uzsv\u0113ra, skaidrojot, ka Babi\u0161am nav konstitucion\u0101l\u0101 un pat vienk\u0101r\u0161\u0101 vair\u0101kuma parlament\u0101, un \u0161obr\u012bd nav \u012bsti skaidrs, k\u0101 vi\u0146am veiksies ar vald\u012bbas veido\u0161anu.<\/p>\n<p>Bukovskis piebilda, ka pagaid\u0101m piln\u012bb\u0101 nevar izsl\u0113gt ar\u012b \u0101rk\u0101rtas v\u0113l\u0113\u0161anu iesp\u0113ju.<\/p>\n<p>Eksperts ar\u012b piebilda, ka Eiropas Savien\u012bb\u0101 var\u0113tu aktualiz\u0113ties sarunas par l\u0113mumu pie\u0146em\u0161anas proced\u016bras izmai\u0146\u0101m, par kur\u0101m tiek diskut\u0113ts, piem\u0113ram, Ung\u0101rijas premjerministra Viktora Orb\u0101na d\u0113\u013c, vi\u0146am pie\u0146emot l\u0113mumu blo\u0137\u0113t Eiropas Savien\u012bbas l\u012bderu vieno\u0161anos par finansi\u0101la atbalsta paketi Ukrainai.<\/p>\n<p>Ta\u010du tas prasa l\u012bgumiskas izmai\u0146as, par kur\u0101m j\u0101vienojas vis\u0101m dal\u012bbvalst\u012bm, atzina Bukovskis.<\/p>\n","protected":false},"excerpt":{"rendered":"&#8220;Tas, ko m\u0113s sagaid\u012bsim, neb\u016bs tie\u0161s Ung\u0101rijas vai Slov\u0101kijas gad\u012bjums, jo Babi\u0161s nav iest\u0101jies ne pret NATO, ne&hellip;\n","protected":false},"author":2,"featured_media":12516,"comment_status":"","ping_status":"","sticky":false,"template":"","format":"standard","meta":{"footnotes":""},"categories":[5],"tags":[23,63,65,28,29,60,32,33,59,22,70,64,30,31,35,39,38,36,37,34,40,68,20,26,27,69,66,67,24,25,62,21,61],"class_list":{"0":"post-12999","1":"post","2":"type-post","3":"status-publish","4":"format-standard","5":"has-post-thumbnail","7":"category-aktualitates","8":"tag-aktualitates","9":"tag-arvalstis","10":"tag-auto","11":"tag-breaking-news","12":"tag-breakingnews","13":"tag-egoiste","14":"tag-featured-news","15":"tag-featurednews","16":"tag-financenet","17":"tag-headlines","18":"tag-klik","19":"tag-kultura","20":"tag-latest-news","21":"tag-latestnews","22":"tag-latvia","23":"tag-latvian","24":"tag-latviesu","25":"tag-latviesu-valoda","26":"tag-latviesuvaloda","27":"tag-latvija","28":"tag-lv","29":"tag-maja","30":"tag-news","31":"tag-popularakas-zinas","32":"tag-popularakaszinas","33":"tag-receptes","34":"tag-sejas","35":"tag-sports","36":"tag-top-stories","37":"tag-topstories","38":"tag-viedokli","39":"tag-zinas","40":"tag-zinatne"},"share_on_mastodon":{"url":"","error":""},"_links":{"self":[{"href":"https:\/\/www.europesays.com\/lv\/wp-json\/wp\/v2\/posts\/12999","targetHints":{"allow":["GET"]}}],"collection":[{"href":"https:\/\/www.europesays.com\/lv\/wp-json\/wp\/v2\/posts"}],"about":[{"href":"https:\/\/www.europesays.com\/lv\/wp-json\/wp\/v2\/types\/post"}],"author":[{"embeddable":true,"href":"https:\/\/www.europesays.com\/lv\/wp-json\/wp\/v2\/users\/2"}],"replies":[{"embeddable":true,"href":"https:\/\/www.europesays.com\/lv\/wp-json\/wp\/v2\/comments?post=12999"}],"version-history":[{"count":0,"href":"https:\/\/www.europesays.com\/lv\/wp-json\/wp\/v2\/posts\/12999\/revisions"}],"wp:featuredmedia":[{"embeddable":true,"href":"https:\/\/www.europesays.com\/lv\/wp-json\/wp\/v2\/media\/12516"}],"wp:attachment":[{"href":"https:\/\/www.europesays.com\/lv\/wp-json\/wp\/v2\/media?parent=12999"}],"wp:term":[{"taxonomy":"category","embeddable":true,"href":"https:\/\/www.europesays.com\/lv\/wp-json\/wp\/v2\/categories?post=12999"},{"taxonomy":"post_tag","embeddable":true,"href":"https:\/\/www.europesays.com\/lv\/wp-json\/wp\/v2\/tags?post=12999"}],"curies":[{"name":"wp","href":"https:\/\/api.w.org\/{rel}","templated":true}]}}