{"id":13006,"date":"2025-10-05T12:23:11","date_gmt":"2025-10-05T12:23:11","guid":{"rendered":"https:\/\/www.europesays.com\/lv\/13006\/"},"modified":"2025-10-05T12:23:11","modified_gmt":"2025-10-05T12:23:11","slug":"video-%e2%9f%a9-latvija-razoti-partverejdroni-paris-minusu-laika-spej-notriekt-shahed","status":"publish","type":"post","link":"https:\/\/www.europesays.com\/lv\/13006\/","title":{"rendered":"VIDEO \u27e9 Latvij\u0101 ra\u017eoti p\u0101rtv\u0113r\u0113jdroni p\u0101ris min\u016b\u0161u laik\u0101 sp\u0113j notriekt &#8220;Shahed&#8221;"},"content":{"rendered":"<p>K\u0101 uzsver eksperti, galven\u0101 at\u0161\u0137ir\u012bba starp pretgaisa aizsardz\u012bbas sist\u0113m\u0101m un p\u0101rtv\u0113r\u0113jdroniem ir t\u0101, ka droni sp\u0113j prec\u012bzi identific\u0113t pretinieka lidapar\u0101tu, pielidot, apskat\u012bties un tad to aptur\u0113t.<\/p>\n<p>Test\u0113\u0161anu iztur\u0113ja divu uz\u0146\u0113mumu sist\u0113mas \u2013 &#8220;Belss&#8221; un &#8220;Origin Robotics&#8221;. T\u0101 k\u0101 demonstr\u0113jumi nosl\u0113gu\u0161ies veiksm\u012bgi, sarunas ar ra\u017eot\u0101jiem turpin\u0101sies, vien j\u0101vienojas par cenu, nor\u0101da Dronu kompetences centr\u0101.<\/p>\n<p>Nacion\u0101lo bru\u0146oto sp\u0113ku r\u012bc\u012bb\u0101 p\u0101rtv\u0113r\u0113jdroni var\u0113tu non\u0101kt tuv\u0101ko m\u0113ne\u0161u laik\u0101. \u0160ogad industrijas att\u012bst\u012bb\u0101 ieguld\u012bti 50 miljoni eiro, un n\u0101kamgad \u0161\u012b summa dubultosies, nor\u0101da aizsardz\u012bbas ministrs Andris Spr\u016bds.<\/p>\n<p>&#8220;\u0160obr\u012bd Latvija dronu zi\u0146\u0101 ir lielvalsts. Bet skaidrs, ka m\u0113s nek\u0101d\u0101 zi\u0146\u0101 nevaram b\u016bt pa\u0161apmierin\u0101ti. Nevaram apst\u0101ties, jo tehnolo\u0123ijas att\u012bst\u0101s \u013coti strauji,&#8221; atz\u012bm\u0113ja Spr\u016bds.<\/p>\n","protected":false},"excerpt":{"rendered":"K\u0101 uzsver eksperti, galven\u0101 at\u0161\u0137ir\u012bba starp pretgaisa aizsardz\u012bbas sist\u0113m\u0101m un p\u0101rtv\u0113r\u0113jdroniem ir t\u0101, ka droni sp\u0113j prec\u012bzi identific\u0113t&hellip;\n","protected":false},"author":2,"featured_media":13007,"comment_status":"","ping_status":"","sticky":false,"template":"","format":"standard","meta":{"footnotes":""},"categories":[5],"tags":[23,28,29,2008,32,33,22,30,31,35,39,38,36,37,34,40,3289,20,26,27,24,25,21],"class_list":{"0":"post-13006","1":"post","2":"type-post","3":"status-publish","4":"format-standard","5":"has-post-thumbnail","7":"category-aktualitates","8":"tag-aktualitates","9":"tag-breaking-news","10":"tag-breakingnews","11":"tag-drons","12":"tag-featured-news","13":"tag-featurednews","14":"tag-headlines","15":"tag-latest-news","16":"tag-latestnews","17":"tag-latvia","18":"tag-latvian","19":"tag-latviesu","20":"tag-latviesu-valoda","21":"tag-latviesuvaloda","22":"tag-latvija","23":"tag-lv","24":"tag-nacionalie-brunotie-speki","25":"tag-news","26":"tag-popularakas-zinas","27":"tag-popularakaszinas","28":"tag-top-stories","29":"tag-topstories","30":"tag-zinas"},"share_on_mastodon":{"url":"","error":""},"_links":{"self":[{"href":"https:\/\/www.europesays.com\/lv\/wp-json\/wp\/v2\/posts\/13006","targetHints":{"allow":["GET"]}}],"collection":[{"href":"https:\/\/www.europesays.com\/lv\/wp-json\/wp\/v2\/posts"}],"about":[{"href":"https:\/\/www.europesays.com\/lv\/wp-json\/wp\/v2\/types\/post"}],"author":[{"embeddable":true,"href":"https:\/\/www.europesays.com\/lv\/wp-json\/wp\/v2\/users\/2"}],"replies":[{"embeddable":true,"href":"https:\/\/www.europesays.com\/lv\/wp-json\/wp\/v2\/comments?post=13006"}],"version-history":[{"count":0,"href":"https:\/\/www.europesays.com\/lv\/wp-json\/wp\/v2\/posts\/13006\/revisions"}],"wp:featuredmedia":[{"embeddable":true,"href":"https:\/\/www.europesays.com\/lv\/wp-json\/wp\/v2\/media\/13007"}],"wp:attachment":[{"href":"https:\/\/www.europesays.com\/lv\/wp-json\/wp\/v2\/media?parent=13006"}],"wp:term":[{"taxonomy":"category","embeddable":true,"href":"https:\/\/www.europesays.com\/lv\/wp-json\/wp\/v2\/categories?post=13006"},{"taxonomy":"post_tag","embeddable":true,"href":"https:\/\/www.europesays.com\/lv\/wp-json\/wp\/v2\/tags?post=13006"}],"curies":[{"name":"wp","href":"https:\/\/api.w.org\/{rel}","templated":true}]}}