{"id":13008,"date":"2025-10-05T12:24:09","date_gmt":"2025-10-05T12:24:09","guid":{"rendered":"https:\/\/www.europesays.com\/lv\/13008\/"},"modified":"2025-10-05T12:24:09","modified_gmt":"2025-10-05T12:24:09","slug":"gotiska-metala-giganti-paradise-lost-atgriezas-riga-ar-jauno-albumu-ascension-lente-lv","status":"publish","type":"post","link":"https:\/\/www.europesays.com\/lv\/13008\/","title":{"rendered":"Gotisk\u0101 met\u0101la giganti &#8220;Paradise Lost&#8221; atgrie\u017eas R\u012bg\u0101 ar jauno albumu &#8220;Ascension&#8221;\u00a0\u2014\u00a0Lente.lv"},"content":{"rendered":"<p>Par grupu un gaid\u0101mo notikumu<\/p>\n<p>Pasaule piev\u0113r\u0161 uzman\u012bbu, jo gotisk\u0101 met\u0101la ikonas, britu grupa &#8220;Paradise Lost&#8221;, atkal iekaros R\u012bgas skatuvi. \u0160is ilgi gaid\u012btais notikums notiks 22. febru\u0101r\u012b jaunaj\u0101 un modernaj\u0101 koncertz\u0101l\u0113 &#8220;Spektra&#8221;. &#8220;Paradise Lost&#8221; nav tikai v\u0101rds m\u016bzikas industrij\u0101; t\u0101 ir z\u012bme, kas simboliz\u0113 gadu desmitiem ilgu smagn\u0113jas, tum\u0161as un dzi\u013ci emocion\u0101las m\u016bzikas rad\u012b\u0161anu. Grupa, kas dibin\u0101ta 1988. gad\u0101, ir ne tikai gotisk\u0101 met\u0101la pionieru status\u0101, bet ar\u012b nemit\u012bgi att\u012bst\u012bjusies, p\u0113tot da\u017e\u0101dus tum\u0161\u0101s m\u016bzikas \u017eanrus.<\/p>\n<p>&#8220;Ascension&#8221; &#8211; Jaun\u0101kais rado\u0161ais l\u0113ciens<\/p>\n<p>\u0160is atgrie\u0161an\u0101s notikums R\u012bg\u0101 ir da\u013ca no grupas pasaules t\u016bres, kas populariz\u0113 vi\u0146u 17. studijas albumu &#8220;Ascension&#8221;. &#8220;Ascension&#8221;, kas izdots 2025. gada septembr\u012b, ir sa\u0146\u0113mis kriti\u0137u atzin\u012bbu par savu daudzpus\u012bbu un dzi\u013cumu. Albums, ko produc\u0113jis grupas \u0123it\u0101rists Gregs Makinto\u0161s, demonstr\u0113 grupas sp\u0113ju rad\u012bt gan brut\u0101lu smagumu, gan dzirksto\u0161u melodiju, vienlaikus saglab\u0101jot rakstur\u012bgo minoru tonalit\u0101tes melanholiju. Albuma ska\u0146u ainavas ir tum\u0161as un satrauco\u0161as, bie\u017ei vien iedvesmojoties no klasisk\u0101s m\u0101kslas, piem\u0113ram, D\u017eord\u017ea Frederika Vatsa gleznas &#8220;N\u0101ves sena&#8221; (The Court of Death), kas rot\u0101 albuma v\u0101ci\u0146u. &#8220;Ascension&#8221; ir apliecin\u0101jums tam, ka &#8220;Paradise Lost&#8221; joproj\u0101m ir savas karjeras virsotn\u0113, pied\u0101v\u0101jot gan gadu desmitiem izkoptu ska\u0146u, gan svaigus rado\u0161us mekl\u0113jumus.<\/p>\n<p>Par &#8220;Spektra&#8221; koncertz\u0101li<\/p>\n<p>\u0160is b\u016bs pirmais grupas koncerts jaunaj\u0101 &#8220;Spektra&#8221; koncertz\u0101l\u0113, kas ir moderna un nesen atv\u0113rta norises vieta R\u012bg\u0101. T\u0101s atra\u0161an\u0101s vieta Br\u012bv\u012bbas iel\u0101 96a un m\u016bsdien\u012bg\u0101s tehnisk\u0101s iesp\u0113jas padara to par ide\u0101lu skatuvi grupas iespaid\u012bgajam \u0161ovam. Z\u0101le sp\u0113j uz\u0146emt l\u012bdz pat 2000 viesiem, pied\u0101v\u0101jot izcilu akustiku un modernu interjeru, kas garant\u0113 neaizmirstamu klaus\u012b\u0161an\u0101s pieredzi.<\/p>\n<p>M\u016bzikas evol\u016bcija un ietekme<\/p>\n<p>&#8220;Paradise Lost&#8221; savas karjeras laik\u0101 ir nep\u0101rtraukti eksperiment\u0113ju\u0161i, virzoties no sav\u0101m sakn\u0113m slud\u017e-dooma un death-met\u0101la \u017eanros l\u012bdz pat metal m\u016bzikas mainstream sasnieg\u0161anai ar 1995. gada monument\u0101lo albumu &#8220;Draconian Times&#8221;. Vi\u0146u ietekme j\u016btama daudzu m\u0101kslinieku dai\u013crad\u0113, tostarp &#8220;Cradle of Filth&#8221;, &#8220;HIM&#8221; un &#8220;Chelsea Wolfe&#8221;. Vi\u0146u jaun\u0101kais albums &#8220;Ascension&#8221; turpina \u0161o att\u012bst\u012bbas ce\u013cu, par\u0101dot grupas sp\u0113ju ne tikai saglab\u0101t savu unik\u0101lo skan\u0113jumu, bet ar\u012b ieviest jaunus elementus un dzi\u013cumu sav\u0101 dai\u013crad\u0113. Vok\u0101lista Nika Holmsa sp\u0113ja br\u012bni\u0161\u0137\u012bgi main\u012bt starp brut\u0101liem &#8220;growl&#8221; un emocion\u0101liem t\u012briem vok\u0101liem ir viens no galvenajiem grupas pan\u0101kumu elementiem, kas nodro\u0161ina katrai dziesmai unik\u0101lu un aizraujo\u0161u dinamiku.<\/p>\n<p>Koncertu grafiks un pieejam\u012bba<\/p>\n<p>Pasaules t\u016bre &#8220;Ascension of Europe&#8221; sadal\u012bta div\u0101s da\u013c\u0101s. Pirm\u0101 da\u013ca norisin\u0101s 2025. gada oktobr\u012b un novembr\u012b, bet otr\u0101 da\u013ca, kuras ietvaros notiks koncerts R\u012bg\u0101, ir iepl\u0101nota 2026. gada febru\u0101r\u012b un mart\u0101. Bi\u013cetes uz &#8220;Paradise Lost&#8221; koncertu R\u012bg\u0101 b\u016bs pieejamas, un t\u0101s ir v\u0113rts ieg\u0101d\u0101ties laic\u012bgi, lai nodro\u0161in\u0101tu savu vietu \u0161aj\u0101 iespaid\u012bgaj\u0101 m\u016bzikas pas\u0101kum\u0101. Grupas ofici\u0101l\u0101 m\u0101jaslapa un bi\u013ce\u0161u tirdzniec\u012bbas platformas pied\u0101v\u0101s jaun\u0101ko inform\u0101ciju par bi\u013ce\u0161u pieejam\u012bbu un cen\u0101m.<\/p>\n","protected":false},"excerpt":{"rendered":"Par grupu un gaid\u0101mo notikumu Pasaule piev\u0113r\u0161 uzman\u012bbu, jo gotisk\u0101 met\u0101la ikonas, britu grupa &#8220;Paradise Lost&#8221;, atkal iekaros&hellip;\n","protected":false},"author":2,"featured_media":13009,"comment_status":"","ping_status":"","sticky":false,"template":"","format":"standard","meta":{"footnotes":""},"categories":[19],"tags":[4662,89,4661,90,656,35,39,38,36,37,34,40,4660,4663],"class_list":{"0":"post-13008","1":"post","2":"type-post","3":"status-publish","4":"format-standard","5":"has-post-thumbnail","7":"category-izklaide","8":"tag-ascension","9":"tag-entertainment","10":"tag-gotiskais-metals","11":"tag-izklaide","12":"tag-koncerts-riga","13":"tag-latvia","14":"tag-latvian","15":"tag-latviesu","16":"tag-latviesu-valoda","17":"tag-latviesuvaloda","18":"tag-latvija","19":"tag-lv","20":"tag-paradise-lost","21":"tag-spektra-koncertzale"},"share_on_mastodon":{"url":"","error":""},"_links":{"self":[{"href":"https:\/\/www.europesays.com\/lv\/wp-json\/wp\/v2\/posts\/13008","targetHints":{"allow":["GET"]}}],"collection":[{"href":"https:\/\/www.europesays.com\/lv\/wp-json\/wp\/v2\/posts"}],"about":[{"href":"https:\/\/www.europesays.com\/lv\/wp-json\/wp\/v2\/types\/post"}],"author":[{"embeddable":true,"href":"https:\/\/www.europesays.com\/lv\/wp-json\/wp\/v2\/users\/2"}],"replies":[{"embeddable":true,"href":"https:\/\/www.europesays.com\/lv\/wp-json\/wp\/v2\/comments?post=13008"}],"version-history":[{"count":0,"href":"https:\/\/www.europesays.com\/lv\/wp-json\/wp\/v2\/posts\/13008\/revisions"}],"wp:featuredmedia":[{"embeddable":true,"href":"https:\/\/www.europesays.com\/lv\/wp-json\/wp\/v2\/media\/13009"}],"wp:attachment":[{"href":"https:\/\/www.europesays.com\/lv\/wp-json\/wp\/v2\/media?parent=13008"}],"wp:term":[{"taxonomy":"category","embeddable":true,"href":"https:\/\/www.europesays.com\/lv\/wp-json\/wp\/v2\/categories?post=13008"},{"taxonomy":"post_tag","embeddable":true,"href":"https:\/\/www.europesays.com\/lv\/wp-json\/wp\/v2\/tags?post=13008"}],"curies":[{"name":"wp","href":"https:\/\/api.w.org\/{rel}","templated":true}]}}