{"id":13029,"date":"2025-10-05T12:47:11","date_gmt":"2025-10-05T12:47:11","guid":{"rendered":"https:\/\/www.europesays.com\/lv\/13029\/"},"modified":"2025-10-05T12:47:11","modified_gmt":"2025-10-05T12:47:11","slug":"latvijas-florbola-savieniba-lv-2025-2026-jaunumi-fk-kekava-latvijas-mediji-cina-ar-tallinas-florbolistem-izglabj-punktu","status":"publish","type":"post","link":"https:\/\/www.europesays.com\/lv\/13029\/","title":{"rendered":"Latvijas Florbola savien\u012bba \u00bb LV \u00bb 2025\/2026 \u00bb Jaunumi \u00bb &#8220;FK \u0136ekava\/Latvijas Mediji&#8221; c\u012b\u0146\u0101 ar Tallinas florbolist\u0113m izgl\u0101bj punktu"},"content":{"rendered":"<p>&#8220;FK \u0136ekava\/Latvijas Mediji&#8221; c\u012b\u0146\u0101 ar Tallinas florbolist\u0113m izgl\u0101bj punktu<\/p>\n<p><\/p>\n<p>\t\t\t\t\t<img decoding=\"async\" src=\"https:\/\/www.europesays.com\/lv\/wp-content\/uploads\/2025\/09\/kekava_k_025.jpg\" class=\"news-title-image\" width=\"292.5\" alt=\"kekava_k_025.jpg\" title=\"&quot;FK \u0136ekava\/Latvijas Mediji&quot; c\u012b\u0146\u0101 ar Tallinas florbolist\u0113m izgl\u0101bj punktu\" \/><\/p>\n<p style=\"text-align: justify;\">\u0160odien \u0136ekav\u0101 norisin\u0101j\u0101s ELVI florbola l\u012bgas sieviet\u0113m sp\u0113le, kur\u0101 &#8220;FK \u0136ekava\/Latvijas Mediji&#8221; uz\u0146\u0113ma Igaunijas komandu &#8220;Sparta Tallinn&#8221;. Pamatlaika izska\u0146\u0101 Katr\u012bnas D\u0101rtas K\u0101rkli\u0146as v\u0101rtu guvums \u013c\u0101va \u0137ekaviet\u0113m turn\u012bra tabul\u0101 ierakst\u012bt punktu (6:6), bet pagarin\u0101jum\u0101 v\u0101rtus guva tallinietes, izc\u012bnot uzvaru ar <a href=\"https:\/\/www.floorball.lv\/lv\/2025\/proto\/52306-kek-spa\" rel=\"nofollow noopener\" target=\"_blank\">7:6<\/a>.<\/p>\n<p>\u00a0<\/p>\n<p style=\"text-align: justify;\">\u0136ekavas sporta kompleks\u0101 notiku\u0161\u0101s sp\u0113les 7. min\u016bt\u0113 iemesls gavil\u0113m rad\u0101s laukuma saimniec\u0113m, jo ar v\u0101rtu guvumu izc\u0113l\u0101s Jonata Pone (1:0). P\u0113c pirm\u0101 perioda rezult\u0101tu tablo liecin\u0101ja par kaujiniecisku neiz\u0161\u0137irtu, jo 18. min\u016bt\u0113 ar v\u0101rtu guvumu atbild\u0113ja Kristi Rikberga &#8211; 1:1. Otr\u0101s tre\u0161da\u013cas laik\u0101 \u0137ekavietes izvirz\u012bj\u0101s vad\u012bb\u0101 ar 4:2, bet 46. min\u016bt\u0113 Lu\u012bze Raseiceva pan\u0101ca jau triju v\u0101rtu p\u0101rsvaru &#8211; 5:2. P\u0113d\u0113j\u0101 perioda otr\u0101 pus\u0113 m\u0101jinoec\u0113m bija izcili neveiksm\u012bga, jo vi\u0146u aizsardz\u012bba kapitul\u0113ja \u010detras reizes p\u0113c k\u0101rtas &#8211; 5:6. Nu jau \u0137ekaviet\u0113m n\u0101c\u0101s atsp\u0113l\u0113ties, divas min\u016btes pirms pamatlaika beig\u0101m vi\u0146\u0101m tas izdev\u0101s, jo Katr\u012bna D\u0101rta K\u0101rkli\u0146a ar prec\u012bzu metienu realiz\u0113ja savas komandas skaitlisko vair\u0101kumu &#8211; 6:6. Papildlaik\u0101 abas komandas aizvad\u012bja vair\u0101k nek\u0101 desmit min\u016btes, bet tad iz\u0161\u0137iro\u0161os v\u0101rtus guva talliniete Kate K\u016btis\u0101re, nodro\u0161inot komandai &#8220;Sparta Tallinn&#8221; uzvaru ar 7:6 un divus punktus turn\u012bra tabul\u0101. &#8220;FK \u0136ekava\/Latvijas Mediji&#8221; n\u0101c\u0101s samierin\u0101ties ar vienu izc\u012bn\u012bto punktu.<\/p>\n<tr>\n<td style=\"text-align:center;\"><a href=\"https:\/\/www.floorball.lv\/out.php?id=229&amp;url=http%3A%2F%2Felvi.lv\" target=\"_blank\" title=\"ELVI\" rel=\"nofollow noopener\"><br \/>\n\t\t\t\t\t<img loading=\"lazy\" decoding=\"async\" class=\"banner_news_bottom\" src=\"https:\/\/www.europesays.com\/lv\/wp-content\/uploads\/2025\/09\/1537294665.jpg\" width=\"233\" height=\"66\" alt=\"ELVI\" \/><br \/>\n\t\t\t\t<\/a><\/td>\n<td style=\"text-align:center;\"><a href=\"https:\/\/www.floorball.lv\/out.php?id=334&amp;url=http%3A%2F%2Flino.lv\" target=\"_blank\" title=\"OXDOG\" rel=\"nofollow noopener\"><br \/>\n\t\t\t\t\t<img loading=\"lazy\" decoding=\"async\" class=\"banner_news_bottom\" src=\"https:\/\/www.europesays.com\/lv\/wp-content\/uploads\/2025\/09\/1531398467.jpg\" width=\"233\" height=\"66\" alt=\"OXDOG\" \/><br \/>\n\t\t\t\t<\/a><\/td>\n<\/tr>\n","protected":false},"excerpt":{"rendered":"&#8220;FK \u0136ekava\/Latvijas Mediji&#8221; c\u012b\u0146\u0101 ar Tallinas florbolist\u0113m izgl\u0101bj punktu \u0160odien \u0136ekav\u0101 norisin\u0101j\u0101s ELVI florbola l\u012bgas sieviet\u0113m sp\u0113le, kur\u0101&hellip;\n","protected":false},"author":2,"featured_media":3338,"comment_status":"","ping_status":"","sticky":false,"template":"","format":"standard","meta":{"footnotes":""},"categories":[5],"tags":[405,23,28,29,32,33,4667,22,404,30,31,35,39,38,36,37,34,40,2727,4668,20,4666,26,27,24,25,4665,400,21],"class_list":{"0":"post-13029","1":"post","2":"type-post","3":"status-publish","4":"format-standard","5":"has-post-thumbnail","7":"category-aktualitates","8":"tag-405","9":"tag-aktualitates","10":"tag-breaking-news","11":"tag-breakingnews","12":"tag-featured-news","13":"tag-featurednews","14":"tag-guvumu","15":"tag-headlines","16":"tag-komandas","17":"tag-latest-news","18":"tag-latestnews","19":"tag-latvia","20":"tag-latvian","21":"tag-latviesu","22":"tag-latviesu-valoda","23":"tag-latviesuvaloda","24":"tag-latvija","25":"tag-lv","26":"tag-minute","27":"tag-minutes","28":"tag-news","29":"tag-pamatlaika","30":"tag-popularakas-zinas","31":"tag-popularakaszinas","32":"tag-top-stories","33":"tag-topstories","34":"tag-uzvaru","35":"tag-vartu","36":"tag-zinas"},"share_on_mastodon":{"url":"","error":""},"_links":{"self":[{"href":"https:\/\/www.europesays.com\/lv\/wp-json\/wp\/v2\/posts\/13029","targetHints":{"allow":["GET"]}}],"collection":[{"href":"https:\/\/www.europesays.com\/lv\/wp-json\/wp\/v2\/posts"}],"about":[{"href":"https:\/\/www.europesays.com\/lv\/wp-json\/wp\/v2\/types\/post"}],"author":[{"embeddable":true,"href":"https:\/\/www.europesays.com\/lv\/wp-json\/wp\/v2\/users\/2"}],"replies":[{"embeddable":true,"href":"https:\/\/www.europesays.com\/lv\/wp-json\/wp\/v2\/comments?post=13029"}],"version-history":[{"count":0,"href":"https:\/\/www.europesays.com\/lv\/wp-json\/wp\/v2\/posts\/13029\/revisions"}],"wp:featuredmedia":[{"embeddable":true,"href":"https:\/\/www.europesays.com\/lv\/wp-json\/wp\/v2\/media\/3338"}],"wp:attachment":[{"href":"https:\/\/www.europesays.com\/lv\/wp-json\/wp\/v2\/media?parent=13029"}],"wp:term":[{"taxonomy":"category","embeddable":true,"href":"https:\/\/www.europesays.com\/lv\/wp-json\/wp\/v2\/categories?post=13029"},{"taxonomy":"post_tag","embeddable":true,"href":"https:\/\/www.europesays.com\/lv\/wp-json\/wp\/v2\/tags?post=13029"}],"curies":[{"name":"wp","href":"https:\/\/api.w.org\/{rel}","templated":true}]}}