{"id":13030,"date":"2025-10-05T12:48:12","date_gmt":"2025-10-05T12:48:12","guid":{"rendered":"https:\/\/www.europesays.com\/lv\/13030\/"},"modified":"2025-10-05T12:48:12","modified_gmt":"2025-10-05T12:48:12","slug":"muziba-devusies-maksliniece-ausma-krumina-2","status":"publish","type":"post","link":"https:\/\/www.europesays.com\/lv\/13030\/","title":{"rendered":"M\u016b\u017e\u012bb\u0101 devusies m\u0101ksliniece Ausma Kr\u016bmi\u0146a"},"content":{"rendered":"<p>Ceturtdien 93 gadu vecum\u0101 mirusi m\u0101ksliniece Ausma Kr\u016bmi\u0146a, kura sav\u0101 dai\u013crad\u0113 specializ\u0113j\u0101s akvare\u013cglezniec\u012bb\u0101 un ainavu \u017eanr\u0101, inform\u0113ja Latvijas M\u0101kslinieku savien\u012bbas (LMS) prezidents Igors Dobi\u010dins.<\/p>\n<p>Kr\u016bmi\u0146a m\u0101c\u012bj\u0101s Ja\u0146a Rozent\u0101la R\u012bgas m\u0101kslas vidusskol\u0101, ta\u010du to nepabeidza. V\u0113l\u0101k vi\u0146a str\u0101d\u0101ja par m\u0101kslinieci r\u016bpn\u012bc\u0101 &#8220;VEF&#8221; un viesn\u012bcas &#8220;R\u012bga&#8221; restor\u0101n\u0101. Kop\u0161 1961.gada vi\u0146a darboj\u0101s M\u0101kslas fonda kombin\u0101t\u0101 &#8220;M\u0101ksla&#8221;, kur piedal\u012bj\u0101s izst\u0101\u017eu un muzeju ekspoz\u012bciju noform\u0113\u0161an\u0101.<\/p>\n<p>Izst\u0101d\u0113s Kr\u016bmi\u0146a piedal\u012bj\u0101s kop\u0161 1962.gada. Vi\u0146as darbi ekspon\u0113ti gan Latvij\u0101, gan \u0101rvalst\u012bs, k\u0101 ar\u012b vair\u0101k\u0101s person\u0101lizst\u0101d\u0113s.<\/p>\n<p>M\u0101kslinieces darbi atrodas Latvijas M\u0101kslinieku savien\u012bbas muzej\u0101, Latvijas Nacion\u0101laj\u0101 m\u0101kslas muzej\u0101, Turaidas muzejrezerv\u0101t\u0101, citos muzejos un priv\u0101tkolekcij\u0101s.<\/p>\n<p>Kr\u016bmi\u0146a bija LMS biedre kop\u0161 1969.gada. Vi\u0146as akvare\u013ci 2024.gad\u0101 tika apkopoti izdevum\u0101 &#8220;Ausma Kr\u016bmi\u0146a. Akvare\u013ci Latvijai&#8221;.<\/p>\n","protected":false},"excerpt":{"rendered":"Ceturtdien 93 gadu vecum\u0101 mirusi m\u0101ksliniece Ausma Kr\u016bmi\u0146a, kura sav\u0101 dai\u013crad\u0113 specializ\u0113j\u0101s akvare\u013cglezniec\u012bb\u0101 un ainavu \u017eanr\u0101, inform\u0113ja Latvijas&hellip;\n","protected":false},"author":2,"featured_media":13031,"comment_status":"","ping_status":"","sticky":false,"template":"","format":"standard","meta":{"footnotes":""},"categories":[19],"tags":[129,4669,2926,289,89,90,35,39,38,36,37,34,40,4670,290,2927,4671,291,2928],"class_list":{"0":"post-13030","1":"post","2":"type-post","3":"status-publish","4":"format-standard","5":"has-post-thumbnail","7":"category-izklaide","8":"tag-__typenameadvicekeyword","9":"tag-id1013","10":"tag-id1366","11":"tag-id931","12":"tag-entertainment","13":"tag-izklaide","14":"tag-latvia","15":"tag-latvian","16":"tag-latviesu","17":"tag-latviesu-valoda","18":"tag-latviesuvaloda","19":"tag-latvija","20":"tag-lv","21":"tag-slugin-memoriam","22":"tag-slugkultura","23":"tag-slugmaksla","24":"tag-titlein-memoriam","25":"tag-titlekultura","26":"tag-titlemaksla"},"share_on_mastodon":{"url":"","error":""},"_links":{"self":[{"href":"https:\/\/www.europesays.com\/lv\/wp-json\/wp\/v2\/posts\/13030","targetHints":{"allow":["GET"]}}],"collection":[{"href":"https:\/\/www.europesays.com\/lv\/wp-json\/wp\/v2\/posts"}],"about":[{"href":"https:\/\/www.europesays.com\/lv\/wp-json\/wp\/v2\/types\/post"}],"author":[{"embeddable":true,"href":"https:\/\/www.europesays.com\/lv\/wp-json\/wp\/v2\/users\/2"}],"replies":[{"embeddable":true,"href":"https:\/\/www.europesays.com\/lv\/wp-json\/wp\/v2\/comments?post=13030"}],"version-history":[{"count":0,"href":"https:\/\/www.europesays.com\/lv\/wp-json\/wp\/v2\/posts\/13030\/revisions"}],"wp:featuredmedia":[{"embeddable":true,"href":"https:\/\/www.europesays.com\/lv\/wp-json\/wp\/v2\/media\/13031"}],"wp:attachment":[{"href":"https:\/\/www.europesays.com\/lv\/wp-json\/wp\/v2\/media?parent=13030"}],"wp:term":[{"taxonomy":"category","embeddable":true,"href":"https:\/\/www.europesays.com\/lv\/wp-json\/wp\/v2\/categories?post=13030"},{"taxonomy":"post_tag","embeddable":true,"href":"https:\/\/www.europesays.com\/lv\/wp-json\/wp\/v2\/tags?post=13030"}],"curies":[{"name":"wp","href":"https:\/\/api.w.org\/{rel}","templated":true}]}}