{"id":13044,"date":"2025-10-05T13:04:07","date_gmt":"2025-10-05T13:04:07","guid":{"rendered":"https:\/\/www.europesays.com\/lv\/13044\/"},"modified":"2025-10-05T13:04:07","modified_gmt":"2025-10-05T13:04:07","slug":"saeimas-komisija-spriedis-par-tehnisko-gatavibu-saeimas-velesanam","status":"publish","type":"post","link":"https:\/\/www.europesays.com\/lv\/13044\/","title":{"rendered":"Saeimas komisija spried\u012bs par tehnisko gatav\u012bbu Saeimas v\u0113l\u0113\u0161an\u0101m"},"content":{"rendered":"<p>L\u012bdztekus iecer\u0113ts spriest par iesp\u0113jamiem groz\u012bjumiem likum\u0101 &#8220;Par Centr\u0101lo v\u0113l\u0113\u0161anu komisiju&#8221;.<\/p>\n<p>Uz s\u0113di aicin\u0101ti Centr\u0101l\u0101s v\u0113l\u0113\u0161anu komisijas (CVK), Vied\u0101s administr\u0101cijas un re\u0123ion\u0101l\u0101s att\u012bst\u012bbas ministrijas, Valsts kancelejas, Tieslietu ministrijas, R\u012bgas pa\u0161vald\u012bbas V\u0113l\u0113\u0161anu komisijas, Saeimas Juridisk\u0101 biroja p\u0101rst\u0101vji.<\/p>\n<p>S\u0113de notiks plkst.10 Valsts p\u0101rvaldes un pa\u0161vald\u012bbas komisijas s\u0113\u017eu z\u0101l\u0113.<\/p>\n<p>K\u0101 v\u0113st\u012bts, balsu skait\u012b\u0161ana 2025.gada pa\u0161vald\u012bbu v\u0113l\u0113\u0161an\u0101s sask\u0101r\u0101s ar tehnisk\u0101m probl\u0113m\u0101m. Probl\u0113mas v\u0113l\u0113\u0161anu iecirk\u0146u darb\u0101 bija ar\u012b ned\u0113\u013cas gait\u0101, kad notika iepriek\u0161\u0113j\u0101 balso\u0161ana.<\/p>\n<p>CVK tika p\u0101rmesta ar\u012b nekvalitat\u012bva komunik\u0101cija gan ar sabiedr\u012bbu, gan ar v\u0113l\u0113\u0161anu iecirk\u0146iem. Tostarp vien\u0101 no iepriek\u0161\u0113j\u0101s balso\u0161anas dien\u0101m CVK pazi\u0146oja, ka sist\u0113mai noticis \u0101r\u0113js uzbrukums, bet izr\u0101d\u012bj\u0101s, ka t\u0101 nav taisn\u012bba. Savuk\u0101rt v\u0113l\u0113\u0161anu nakt\u012b, kad tika piedz\u012bvotas tehnisk\u0101s \u0137ibeles un balsu skait\u012b\u0161anu v\u0113l\u0113\u0161anu sist\u0113m\u0101 nebija iesp\u0113jams veikt, iecirk\u0146os ilg\u0101ku laiku netika sa\u0146emta inform\u0101cija par to, k\u0101 b\u016btu j\u0101r\u012bkojas t\u0101l\u0101k.<\/p>\n<p>Augusta s\u0101kum\u0101 ar p\u0101rk\u0101pumiem pa\u0161vald\u012bbu v\u0113l\u0113\u0161anu inform\u0101cijas tehnolo\u0123iju procesu organiz\u0113\u0161an\u0101 amat\u0101 tika pazemin\u0101ts Valsts digit\u0101l\u0101s att\u012bst\u012bbas a\u0123ent\u016bras (VDAA) direktors Jorens Liopa. Izmekl\u0113\u0161anas gait\u0101 tika konstat\u0113ts, ka VDAA direktors, pildot iest\u0101des vad\u012bt\u0101ja amata pien\u0101kumus, pie\u013c\u0101vis disciplin\u0101rp\u0101rk\u0101pumu.<\/p>\n<p>Pirms tam v\u0113l\u0113\u0161anu procesa organiz\u0113\u0161anas probl\u0113mu d\u0113\u013c no amata atk\u0101p\u0101s t\u0101 br\u012b\u017ea CVK priek\u0161s\u0113d\u0113t\u0101ja Krist\u012bne Saul\u012bte, k\u0101 ar\u012b vied\u0101s administr\u0101cijas un re\u0123ion\u0101l\u0101s att\u012bst\u012bbas ministre Inga B\u0113rzi\u0146a (JV), kura pirms tam no amata atst\u0101din\u0101ja VDAA direktoru Liopu.<\/p>\n<p><a href=\"https:\/\/www.apollo.lv\/term\/555725\/saeimas-velesanas\" class=\"topicLink\" target=\"_blank\" rel=\"nofollow noopener\">Saeimas v\u0113l\u0113\u0161anas<\/a> notiks p\u0113c gada.<\/p>\n","protected":false},"excerpt":{"rendered":"L\u012bdztekus iecer\u0113ts spriest par iesp\u0113jamiem groz\u012bjumiem likum\u0101 &#8220;Par Centr\u0101lo v\u0113l\u0113\u0161anu komisiju&#8221;. Uz s\u0113di aicin\u0101ti Centr\u0101l\u0101s v\u0113l\u0113\u0161anu komisijas (CVK),&hellip;\n","protected":false},"author":2,"featured_media":13045,"comment_status":"","ping_status":"","sticky":false,"template":"","format":"standard","meta":{"footnotes":""},"categories":[12],"tags":[23,28,29,32,33,22,30,31,35,39,38,36,37,34,40,20,26,27,141,1421,24,25,2544,21],"class_list":{"0":"post-13044","1":"post","2":"type-post","3":"status-publish","4":"format-standard","5":"has-post-thumbnail","7":"category-latvija","8":"tag-aktualitates","9":"tag-breaking-news","10":"tag-breakingnews","11":"tag-featured-news","12":"tag-featurednews","13":"tag-headlines","14":"tag-latest-news","15":"tag-latestnews","16":"tag-latvia","17":"tag-latvian","18":"tag-latviesu","19":"tag-latviesu-valoda","20":"tag-latviesuvaloda","21":"tag-latvija","22":"tag-lv","23":"tag-news","24":"tag-popularakas-zinas","25":"tag-popularakaszinas","26":"tag-saeima","27":"tag-saeimas-velesanas","28":"tag-top-stories","29":"tag-topstories","30":"tag-velesanas","31":"tag-zinas"},"share_on_mastodon":{"url":"","error":""},"_links":{"self":[{"href":"https:\/\/www.europesays.com\/lv\/wp-json\/wp\/v2\/posts\/13044","targetHints":{"allow":["GET"]}}],"collection":[{"href":"https:\/\/www.europesays.com\/lv\/wp-json\/wp\/v2\/posts"}],"about":[{"href":"https:\/\/www.europesays.com\/lv\/wp-json\/wp\/v2\/types\/post"}],"author":[{"embeddable":true,"href":"https:\/\/www.europesays.com\/lv\/wp-json\/wp\/v2\/users\/2"}],"replies":[{"embeddable":true,"href":"https:\/\/www.europesays.com\/lv\/wp-json\/wp\/v2\/comments?post=13044"}],"version-history":[{"count":0,"href":"https:\/\/www.europesays.com\/lv\/wp-json\/wp\/v2\/posts\/13044\/revisions"}],"wp:featuredmedia":[{"embeddable":true,"href":"https:\/\/www.europesays.com\/lv\/wp-json\/wp\/v2\/media\/13045"}],"wp:attachment":[{"href":"https:\/\/www.europesays.com\/lv\/wp-json\/wp\/v2\/media?parent=13044"}],"wp:term":[{"taxonomy":"category","embeddable":true,"href":"https:\/\/www.europesays.com\/lv\/wp-json\/wp\/v2\/categories?post=13044"},{"taxonomy":"post_tag","embeddable":true,"href":"https:\/\/www.europesays.com\/lv\/wp-json\/wp\/v2\/tags?post=13044"}],"curies":[{"name":"wp","href":"https:\/\/api.w.org\/{rel}","templated":true}]}}