{"id":13076,"date":"2025-10-05T13:49:13","date_gmt":"2025-10-05T13:49:13","guid":{"rendered":"https:\/\/www.europesays.com\/lv\/13076\/"},"modified":"2025-10-05T13:49:13","modified_gmt":"2025-10-05T13:49:13","slug":"madrides-real-rindas-debite-latvijas-basketbolists","status":"publish","type":"post","link":"https:\/\/www.europesays.com\/lv\/13076\/","title":{"rendered":"Madrides &#8220;Real&#8221; rind\u0101s debit\u0113 Latvijas basketbolists"},"content":{"rendered":"<p>&#8220;Real&#8221; m\u0101j\u0101s ar 81:71 (22:18, 22:15, 27:23, 10:15) p\u0101rsp\u0113ja &#8220;Gran Canaria&#8221; vien\u012bbu.<\/p>\n<p>17 gadus vecais basketbolists dev\u0101s laukum\u0101 pamatlaika izska\u0146\u0101 un sp\u0113l\u0113ja min\u016bti un se\u0161as sekundes, kuru laik\u0101 raid\u012bja groz\u0101 vienu no diviem soda metieniem. Vi\u0146\u0161 ar\u012b izpild\u012bja vienu neprec\u012bzu t\u0101lmetienu un tika pie +\/- r\u0101d\u012bt\u0101ja -2.<\/p>\n<p>Gr\u012bnvalds pievienoj\u0101s &#8220;Real&#8221; akad\u0113mijai 2021.gad\u0101 un ir otrais latvietis p\u0113c Kaspara Kambalas, kur\u0161 sp\u0113l\u0113jis Madrides komand\u0101. Kambala p\u0101rst\u0101v\u0113ja &#8220;Real&#8221; 2003.\/2004.gada sezon\u0101.<\/p>\n<p>Madrides komandas uzvar\u0101 p\u0101r &#8220;Gran Canaria&#8221; starp m\u0101jiniekiem rezultat\u012bv\u0101kais ar 13 punktiem bija Mario Hezonja, bet viesu rind\u0101s tikpat punktus guva Lu\u012b Laber\u012b.<\/p>\n<p>Jau zi\u0146ots, ka sestdien cit\u0101s ACB pirm\u0101s k\u0101rtas sp\u0113l\u0113s Kristera Zorika p\u0101rst\u0101v\u0113t\u0101 &#8220;Lleida&#8221; ar 86:67 uzvar\u0113ja Art\u016bra Kuruca p\u0101rst\u0101v\u0113to Lugo &#8220;Rio Breogan&#8221;, bet M\u0101rcis \u0160teinbergs un Manrezas &#8220;Baxi&#8221; ar 93:104 zaud\u0113ja Sankristovala de la Lagunas &#8220;Tenerife&#8221;.<\/p>\n<p>Iepriek\u0161\u0113j\u0101 sezon\u0101 par Sp\u0101nijas \u010dempioni k\u013cuva Madrides &#8220;Real&#8221;, kas fin\u0101ls\u0113rij\u0101 ar 3-0 p\u0101rsp\u0113ja &#8220;Valencia&#8221;.<\/p>\n","protected":false},"excerpt":{"rendered":"&#8220;Real&#8221; m\u0101j\u0101s ar 81:71 (22:18, 22:15, 27:23, 10:15) p\u0101rsp\u0113ja &#8220;Gran Canaria&#8221; vien\u012bbu. 17 gadus vecais basketbolists dev\u0101s laukum\u0101&hellip;\n","protected":false},"author":2,"featured_media":13077,"comment_status":"","ping_status":"","sticky":false,"template":"","format":"standard","meta":{"footnotes":""},"categories":[17],"tags":[145,1098,35,39,38,36,37,34,40,3630,67],"class_list":{"0":"post-13076","1":"post","2":"type-post","3":"status-publish","4":"format-standard","5":"has-post-thumbnail","7":"category-sports","8":"tag-basketbols","9":"tag-basketbols-pasaule","10":"tag-latvia","11":"tag-latvian","12":"tag-latviesu","13":"tag-latviesu-valoda","14":"tag-latviesuvaloda","15":"tag-latvija","16":"tag-lv","17":"tag-madrides-real","18":"tag-sports"},"share_on_mastodon":{"url":"","error":""},"_links":{"self":[{"href":"https:\/\/www.europesays.com\/lv\/wp-json\/wp\/v2\/posts\/13076","targetHints":{"allow":["GET"]}}],"collection":[{"href":"https:\/\/www.europesays.com\/lv\/wp-json\/wp\/v2\/posts"}],"about":[{"href":"https:\/\/www.europesays.com\/lv\/wp-json\/wp\/v2\/types\/post"}],"author":[{"embeddable":true,"href":"https:\/\/www.europesays.com\/lv\/wp-json\/wp\/v2\/users\/2"}],"replies":[{"embeddable":true,"href":"https:\/\/www.europesays.com\/lv\/wp-json\/wp\/v2\/comments?post=13076"}],"version-history":[{"count":0,"href":"https:\/\/www.europesays.com\/lv\/wp-json\/wp\/v2\/posts\/13076\/revisions"}],"wp:featuredmedia":[{"embeddable":true,"href":"https:\/\/www.europesays.com\/lv\/wp-json\/wp\/v2\/media\/13077"}],"wp:attachment":[{"href":"https:\/\/www.europesays.com\/lv\/wp-json\/wp\/v2\/media?parent=13076"}],"wp:term":[{"taxonomy":"category","embeddable":true,"href":"https:\/\/www.europesays.com\/lv\/wp-json\/wp\/v2\/categories?post=13076"},{"taxonomy":"post_tag","embeddable":true,"href":"https:\/\/www.europesays.com\/lv\/wp-json\/wp\/v2\/tags?post=13076"}],"curies":[{"name":"wp","href":"https:\/\/api.w.org\/{rel}","templated":true}]}}