{"id":13082,"date":"2025-10-05T14:05:13","date_gmt":"2025-10-05T14:05:13","guid":{"rendered":"https:\/\/www.europesays.com\/lv\/13082\/"},"modified":"2025-10-05T14:05:13","modified_gmt":"2025-10-05T14:05:13","slug":"latvijas-valstspiederigie-nav-versusies-pec-palidzibas-saistiba-ar-pludiem-bulgarija-zino-am","status":"publish","type":"post","link":"https:\/\/www.europesays.com\/lv\/13082\/","title":{"rendered":"Latvijas valstspieder\u012bgie nav v\u0113rsu\u0161ies p\u0113c pal\u012bdz\u012bbas saist\u012bb\u0101 ar pl\u016bdiem Bulg\u0101rij\u0101, zi\u0146o \u0100M"},"content":{"rendered":"<p>\u0100M aicina \u0101rk\u0101rt\u0113j\u0101 situ\u0101cij\u0101 nekav\u0113joties sazin\u0101ties ar \u0100M Konsul\u0101r\u0101 departamenta diennakts de\u017eurantu pa t\u0101lruni: +371 26 33 77 11.<\/p>\n<p>LETA jau v\u0113st\u012bja, ka sp\u0113c\u012bgu lietavu izrais\u012btos pl\u016bdos Bulg\u0101rijas Meln\u0101s j\u016bras piekrast\u0113 g\u0101ju\u0161i boj\u0101 tr\u012bs cilv\u0113ki, pazi\u0146oju\u0161as varasiest\u0101des.<\/p>\n<p>Meln\u0101s j\u016bras k\u016brort\u0101 Elenit\u0113 viesn\u012bcu kompleks\u0101 tika atrasts k\u0101da v\u012brie\u0161a l\u012b\u0137is, bet abi p\u0101r\u0113jie pl\u016bdu upuri ir gl\u0101b\u0113ji.<\/p>\n<p>\u0100rk\u0101rt\u0113jais st\u0101voklis izsludin\u0101ts vair\u0101k\u0101s pa\u0161vald\u012bb\u0101s Bulg\u0101rijas dienvidaustrumos un zieme\u013crietumos.<\/p>\n<p>Soci\u0101laj\u0101s platform\u0101s izplat\u012btie video liecina, ka dub\u013cainu \u016bdens straumes aizskaloja automa\u0161\u012bnas vien\u0101 no galvenaj\u0101m Elenites iel\u0101m.<\/p>\n<p>Sestdien situ\u0101cija pla\u0161\u0101k\u0101 Burgasas k\u016brortu re\u0123ion\u0101 tiek raksturota k\u0101 stabila un dz\u012bve atgrie\u017eas ierastaj\u0101 ritm\u0101.<\/p>\n<p>Pl\u016bdi Eleniti sk\u0101ra p\u0113c tam, kad da\u017eu stundu laik\u0101 uz vienu kvadr\u0101tmetru nolija aptuveni 230 litri lietus, radot divus milz\u012bgus \u016bdens vi\u013c\u0146us, kas appludin\u0101ja viesn\u012bcas, m\u0101jas un ielas.<\/p>\n","protected":false},"excerpt":{"rendered":"\u0100M aicina \u0101rk\u0101rt\u0113j\u0101 situ\u0101cij\u0101 nekav\u0113joties sazin\u0101ties ar \u0100M Konsul\u0101r\u0101 departamenta diennakts de\u017eurantu pa t\u0101lruni: +371 26 33 77&hellip;\n","protected":false},"author":2,"featured_media":13083,"comment_status":"","ping_status":"","sticky":false,"template":"","format":"standard","meta":{"footnotes":""},"categories":[5],"tags":[23,464,3483,28,29,32,33,22,30,31,35,39,38,36,37,34,40,20,26,27,24,25,21],"class_list":{"0":"post-13082","1":"post","2":"type-post","3":"status-publish","4":"format-standard","5":"has-post-thumbnail","7":"category-aktualitates","8":"tag-aktualitates","9":"tag-arlietu-ministrija","10":"tag-arzemes","11":"tag-breaking-news","12":"tag-breakingnews","13":"tag-featured-news","14":"tag-featurednews","15":"tag-headlines","16":"tag-latest-news","17":"tag-latestnews","18":"tag-latvia","19":"tag-latvian","20":"tag-latviesu","21":"tag-latviesu-valoda","22":"tag-latviesuvaloda","23":"tag-latvija","24":"tag-lv","25":"tag-news","26":"tag-popularakas-zinas","27":"tag-popularakaszinas","28":"tag-top-stories","29":"tag-topstories","30":"tag-zinas"},"share_on_mastodon":{"url":"","error":""},"_links":{"self":[{"href":"https:\/\/www.europesays.com\/lv\/wp-json\/wp\/v2\/posts\/13082","targetHints":{"allow":["GET"]}}],"collection":[{"href":"https:\/\/www.europesays.com\/lv\/wp-json\/wp\/v2\/posts"}],"about":[{"href":"https:\/\/www.europesays.com\/lv\/wp-json\/wp\/v2\/types\/post"}],"author":[{"embeddable":true,"href":"https:\/\/www.europesays.com\/lv\/wp-json\/wp\/v2\/users\/2"}],"replies":[{"embeddable":true,"href":"https:\/\/www.europesays.com\/lv\/wp-json\/wp\/v2\/comments?post=13082"}],"version-history":[{"count":0,"href":"https:\/\/www.europesays.com\/lv\/wp-json\/wp\/v2\/posts\/13082\/revisions"}],"wp:featuredmedia":[{"embeddable":true,"href":"https:\/\/www.europesays.com\/lv\/wp-json\/wp\/v2\/media\/13083"}],"wp:attachment":[{"href":"https:\/\/www.europesays.com\/lv\/wp-json\/wp\/v2\/media?parent=13082"}],"wp:term":[{"taxonomy":"category","embeddable":true,"href":"https:\/\/www.europesays.com\/lv\/wp-json\/wp\/v2\/categories?post=13082"},{"taxonomy":"post_tag","embeddable":true,"href":"https:\/\/www.europesays.com\/lv\/wp-json\/wp\/v2\/tags?post=13082"}],"curies":[{"name":"wp","href":"https:\/\/api.w.org\/{rel}","templated":true}]}}