{"id":13098,"date":"2025-10-05T14:24:14","date_gmt":"2025-10-05T14:24:14","guid":{"rendered":"https:\/\/www.europesays.com\/lv\/13098\/"},"modified":"2025-10-05T14:24:14","modified_gmt":"2025-10-05T14:24:14","slug":"muziba-aizgajusi-akvarelglezniecibas-meistare-ausma-krumina-lente-lv","status":"publish","type":"post","link":"https:\/\/www.europesays.com\/lv\/13098\/","title":{"rendered":"M\u016b\u017e\u012bb\u0101 aizg\u0101jusi akvare\u013cglezniec\u012bbas meistare Ausma Kr\u016bmi\u0146a\u00a0\u2014\u00a0Lente.lv"},"content":{"rendered":"<p>Aizie\u0161ana m\u016b\u017e\u012bb\u0101: Atvad\u0101mies no izcil\u0101s gleznot\u0101jas Ausmas Kr\u016bmi\u0146as<\/p>\n<p>Ar dzi\u013c\u0101m skumj\u0101m m\u0101kslas pasaule Latvij\u0101 sa\u0146\u0113musi v\u0113sti par izcil\u0101s akvare\u013cglezniec\u012bbas meistares Ausmas Kr\u016bmi\u0146as aizie\u0161anu m\u016b\u017e\u012bb\u0101. Vi\u0146a m\u016bs ir atst\u0101jusi 2. oktobr\u012b, 93 gadu vecum\u0101. \u0160o skumjo zi\u0146u apstiprin\u0101ju\u0161i Latvijas M\u0101kslinieku savien\u012bbas (LMS) biedri, piebilstot, ka m\u0101kslinieces dz\u012bves un rado\u0161\u0101 ce\u013ca nosl\u0113gums ir j\u016btams zaud\u0113jums Latvijas m\u0101kslas dz\u012bvei.<\/p>\n<p>Ausmas Kr\u016bmi\u0146as (dzimusi L\u016bse) m\u0101kslinieciskais mantojums ir dzi\u013c\u0161 un neizdz\u0113\u0161ams. Vi\u0146as dai\u013crad\u0113 \u012bpa\u0161i izc\u0113l\u0101s talants akvare\u013cglezniec\u012bb\u0101 un ainavu \u017eanr\u0101. Kr\u016bmi\u0146as darbos Latvijas daba un ar to saist\u012btie etnogr\u0101fiskie priek\u0161meti atdz\u012bvoj\u0101s ar netveramu skaistumu un dv\u0113selisku dzi\u013cumu. Kompoz\u012bcij\u0101s m\u0101ksliniece prasm\u012bgi izmantoja pla\u0161u tehnisko pa\u0146\u0113mienu kl\u0101stu, radot vizu\u0101li po\u0113tiskus darbus, kuros katrs otas vilciens st\u0101st\u012bja st\u0101stu par zemes burv\u012bbu un cilv\u0113ka iek\u0161\u0113jo pasauli.<\/p>\n<p>M\u0101ksliniecisk\u0101 ce\u013ca s\u0101kums un izaugsme<\/p>\n<p>M\u0101ksliniece savas studijas vizu\u0101laj\u0101 m\u0101ksl\u0101 uzs\u0101ka jau agr\u0101 jaun\u012bb\u0101. P\u0113c R\u012bgas 21. septi\u0146gad\u012bg\u0101s skolas absolv\u0113\u0161anas, vi\u0146a vienlaikus apmekl\u0113ja LPSR Pionieru pils T\u0113lot\u0101jas m\u0101kslas studiju. Tur vi\u0146as talantu kopu\u0161i t\u0101di pedagogi k\u0101 gleznot\u0101ji J\u0101nis Sku\u010ds, Oskars V\u012bndedzis un Auseklis Bau\u0161\u0137enieks. V\u0113l\u0101k Ausma Kr\u016bmi\u0146a savas zin\u0101\u0161anas pilnveidoja Ja\u0146a Rozent\u0101la R\u012bgas m\u0101kslas vidusskol\u0101 (JRRMV). Lai gan vi\u0146a nepabeidza pilnu kursu, izst\u0101joties no 4. kursa 1952. gad\u0101, \u0161ie m\u0101c\u012bbu gadi lika sp\u0113c\u012bgu pamatu vi\u0146as unik\u0101lajam un atpaz\u012bstamajam m\u0101kslinieciskajam rokrakstam.<\/p>\n<p>P\u0113c studiju posma Ausma Kr\u016bmi\u0146a str\u0101d\u0101ja k\u0101 m\u0101ksliniece biju\u0161aj\u0101 r\u016bpn\u012bc\u0101 \u201cVEF\u201d no 1956. l\u012bdz 1959. gadam, k\u0101 ar\u012b viesn\u012bcas \u201cR\u012bga\u201d restor\u0101n\u0101. V\u0113l\u0101k, s\u0101kot ar 1961. gadu, vi\u0146a piev\u0113rs\u0101s darbam LPSR M\u0101kslas fonda kombin\u0101ta \u201cM\u0101ksla\u201d Noform\u0113\u0161anas ceh\u0101. \u0160is periods bija noz\u012bm\u012bgs, jo taj\u0101 laik\u0101 vi\u0146a akt\u012bvi iesaist\u012bj\u0101s izst\u0101\u017eu un muzeju ekspoz\u012bciju noform\u0113\u0161an\u0101, sniedzot nenov\u0113rt\u0113jamu ieguld\u012bjumu Latvijas kult\u016bras ainav\u0101.<\/p>\n<p>Izst\u0101des un starptautiska atzin\u012bba<\/p>\n<p>Ausmas Kr\u016bmi\u0146as m\u0101ksliniecisk\u0101 darb\u012bba sniedz\u0101s krietni t\u0101l\u0101k par person\u0101lizst\u0101d\u0113m. Vi\u0146a piedal\u012bj\u0101s neskait\u0101m\u0101s noz\u012bm\u012bg\u0101s m\u0101kslas izst\u0101d\u0113s, s\u0101kot ar 5. Republik\u0101nisko Jauno M\u0101kslinieku izst\u0101di 1962. gad\u0101. Vi\u0146as darbi rot\u0101ju\u0161i izst\u0101\u017eu z\u0101les gan Latvij\u0101, gan \u0101rvalst\u012bs, tostarp PSRS M\u0101kslas fonda m\u0101kslas darbu izst\u0101\u017eu-p\u0101rdo\u0161anas kolekcij\u0101s, kas tika ekspon\u0113tas Rum\u0101nij\u0101, biju\u0161aj\u0101 Dienvidsl\u0101vij\u0101, biju\u0161aj\u0101 \u010cehoslov\u0101kij\u0101 un Austrij\u0101. T\u0101pat vi\u0146as darbi bija apl\u016bkojami Baltijas valstu akvare\u013cu trienn\u0101l\u0113 un cit\u0101s noz\u012bm\u012bg\u0101s m\u0101kslas izst\u0101d\u0113s, g\u016bstot pla\u0161u atzin\u012bbu.<\/p>\n<p>M\u0101ksliniece r\u012bkojusi ar\u012b vair\u0101kas person\u0101lizst\u0101des un nelielas grupu izst\u0101des, kas \u013c\u0101vu\u0161as skat\u012bt\u0101jiem v\u0113l dzi\u013c\u0101k iepaz\u012bt vi\u0146as m\u0101ksliniecisko pasauli. Vi\u0146as darbi ir iek\u013cauti Latvijas M\u0101kslinieku savien\u012bbas muzej\u0101, Latvijas Nacion\u0101laj\u0101 m\u0101kslas muzej\u0101, Turaidas muzejrezerv\u0101t\u0101, k\u0101 ar\u012b citos muzejos un priv\u0101tkolekcij\u0101s.<\/p>\n<p>Atvad\u012b\u0161an\u0101s un piemi\u0146a<\/p>\n<p>Atvad\u012b\u0161an\u0101s no Ausmas Kr\u016bmi\u0146as notiks sestdien, 7. oktobr\u012b, plkst. 11:00 Dz\u0113rbenes Veco kapu kapli\u010d\u0101, Dz\u0113rbenes pagast\u0101, C\u0113su novad\u0101. Latvijas M\u0101kslinieku savien\u012bba izsaka dzi\u013cu l\u012bdzj\u016bt\u012bbu gleznot\u0101jas tuviniekiem un kol\u0113\u0123iem. Ausmas Kr\u016bmi\u0146as aizie\u0161ana ir klusais, bet dzi\u013cais atg\u0101din\u0101jums par to, cik v\u0113rt\u012bgs un trausls ir m\u0101kslinieka talants, kas sp\u0113j bag\u0101tin\u0101t m\u016bsu dz\u012bves un atst\u0101t palieko\u0161u mantojumu.<\/p>\n","protected":false},"excerpt":{"rendered":"Aizie\u0161ana m\u016b\u017e\u012bb\u0101: Atvad\u0101mies no izcil\u0101s gleznot\u0101jas Ausmas Kr\u016bmi\u0146as Ar dzi\u013c\u0101m skumj\u0101m m\u0101kslas pasaule Latvij\u0101 sa\u0146\u0113musi v\u0113sti par izcil\u0101s&hellip;\n","protected":false},"author":2,"featured_media":13099,"comment_status":"","ping_status":"","sticky":false,"template":"","format":"standard","meta":{"footnotes":""},"categories":[19],"tags":[4704,4702,89,90,35,39,38,36,37,34,1432,4705,40,4703],"class_list":{"0":"post-13098","1":"post","2":"type-post","3":"status-publish","4":"format-standard","5":"has-post-thumbnail","7":"category-izklaide","8":"tag-akvarelgleznieciba","9":"tag-ausma-krumina","10":"tag-entertainment","11":"tag-izklaide","12":"tag-latvia","13":"tag-latvian","14":"tag-latviesu","15":"tag-latviesu-valoda","16":"tag-latviesuvaloda","17":"tag-latvija","18":"tag-latvijas-maksla","19":"tag-latvijas-makslinieku-savieniba","20":"tag-lv","21":"tag-maksliniece"},"share_on_mastodon":{"url":"","error":""},"_links":{"self":[{"href":"https:\/\/www.europesays.com\/lv\/wp-json\/wp\/v2\/posts\/13098","targetHints":{"allow":["GET"]}}],"collection":[{"href":"https:\/\/www.europesays.com\/lv\/wp-json\/wp\/v2\/posts"}],"about":[{"href":"https:\/\/www.europesays.com\/lv\/wp-json\/wp\/v2\/types\/post"}],"author":[{"embeddable":true,"href":"https:\/\/www.europesays.com\/lv\/wp-json\/wp\/v2\/users\/2"}],"replies":[{"embeddable":true,"href":"https:\/\/www.europesays.com\/lv\/wp-json\/wp\/v2\/comments?post=13098"}],"version-history":[{"count":0,"href":"https:\/\/www.europesays.com\/lv\/wp-json\/wp\/v2\/posts\/13098\/revisions"}],"wp:featuredmedia":[{"embeddable":true,"href":"https:\/\/www.europesays.com\/lv\/wp-json\/wp\/v2\/media\/13099"}],"wp:attachment":[{"href":"https:\/\/www.europesays.com\/lv\/wp-json\/wp\/v2\/media?parent=13098"}],"wp:term":[{"taxonomy":"category","embeddable":true,"href":"https:\/\/www.europesays.com\/lv\/wp-json\/wp\/v2\/categories?post=13098"},{"taxonomy":"post_tag","embeddable":true,"href":"https:\/\/www.europesays.com\/lv\/wp-json\/wp\/v2\/tags?post=13098"}],"curies":[{"name":"wp","href":"https:\/\/api.w.org\/{rel}","templated":true}]}}