{"id":13109,"date":"2025-10-05T14:41:11","date_gmt":"2025-10-05T14:41:11","guid":{"rendered":"https:\/\/www.europesays.com\/lv\/13109\/"},"modified":"2025-10-05T14:41:11","modified_gmt":"2025-10-05T14:41:11","slug":"neapmierinato-pilsonu-akcijas-lideris-cehija-centisies-veidot-mazakuma-valdibu","status":"publish","type":"post","link":"https:\/\/www.europesays.com\/lv\/13109\/","title":{"rendered":"&#8220;Neapmierin\u0101to pilso\u0146u akcijas&#8221; l\u012bderis \u010cehij\u0101 cent\u012bsies veidot maz\u0101kuma vald\u012bbu"},"content":{"rendered":"<p>M\u0113r\u0137is ir izveidot vienas partijas vald\u012bbu, sestdienas vakar\u0101 atbalst\u012bt\u0101jiem sac\u012bja Babi\u0161s, nor\u0101dot, ka cent\u012bsies nodro\u0161in\u0101t \u0101r\u0113jo atbalstu no div\u0101m maz\u0101k\u0101m partij\u0101m &#8211; lab\u0113ji populistisk\u0101s partijas &#8220;Autobrauc\u0113ji sev&#8221; (AUTO) un gal\u0113ji lab\u0113j\u0101s partijas &#8220;Br\u012bv\u012bba un tie\u0161\u0101 demokr\u0101tija&#8221; (SPD).<\/p>\n<p>ANO ieguva 34,6% balsu, nodro\u0161inot 80 no 200 viet\u0101m parlament\u0101, liecina gal\u012bgie rezult\u0101ti.<\/p>\n<p>SPD sa\u0146\u0113musi 7,8%, nodro\u0161inot 15 vietas, bet AUTO &#8211; 6,8% un 13 vietas.<\/p>\n<p>Premjerministra Petra Fialas vad\u012bt\u0101 centriski lab\u0113j\u0101 koal\u012bcija &#8220;Kop\u0101&#8221; sa\u0146\u0113musi 23,4% balsu, un tai b\u016bs 52 vietas, bet l\u012bdz\u0161in\u0113j\u0101s koal\u012bcijas partneri liber\u0101li centrisk\u0101 partija &#8220;M\u0113ri un neatkar\u012bgie&#8221; (STAN) &#8211; 11,2% balsu un 22 vietas.<\/p>\n<p>Pir\u0101tu partija, kas l\u012bdz\u0161in\u0113j\u0101 koal\u012bcij\u0101 atrad\u0101s l\u012bdz pag\u0101ju\u0161ajam gadam, ir 9% balsu un 18 vietas parlament\u0101.<\/p>\n<p>\u010cehijas prezidents Petrs Pavels Pr\u0101gas pil\u012b sv\u0113tdien s\u0101ks konsult\u0101cijas ar partiju l\u012bderiem par jaunas vald\u012bbas veido\u0161anu, s\u0101kot ar Babi\u0161u.<\/p>\n<p>Konstit\u016bcija pie\u0161\u0137ir Pavelam iev\u0113rojamu r\u012bc\u012bbas br\u012bv\u012bbu lemt, kam uzdot veidot vald\u012bbu, lai gan parasti t\u0101 ir frakcija, kurai ir visvair\u0101k mand\u0101tu.<\/p>\n<p>Nav skaidrs, k\u0101d\u0101s jom\u0101s Babi\u0161am b\u016bs j\u0101piek\u0101pjas, lai nodro\u0161in\u0101tu atbalstu vald\u012bbai.<\/p>\n<p>SPD pieprasa ne tikai iesp\u0113ju r\u012bkot referendumu par izst\u0101\u0161anos no ES un NATO, ko Babi\u0161s noraida, bet ar\u012b vair\u0101k nek\u0101 383 000 Ukrainas b\u0113g\u013cu atgrie\u0161anos dzimten\u0113.<\/p>\n<p>Savuk\u0101rt partija AUTO iest\u0101jas pret Eiropas Savien\u012bbas ES za\u013co kursu, kas paredz iek\u0161dedzes dzin\u0113ju izskau\u0161anu.<\/p>\n","protected":false},"excerpt":{"rendered":"M\u0113r\u0137is ir izveidot vienas partijas vald\u012bbu, sestdienas vakar\u0101 atbalst\u012bt\u0101jiem sac\u012bja Babi\u0161s, nor\u0101dot, ka cent\u012bsies nodro\u0161in\u0101t \u0101r\u0113jo atbalstu no&hellip;\n","protected":false},"author":2,"featured_media":13110,"comment_status":"","ping_status":"","sticky":false,"template":"","format":"standard","meta":{"footnotes":""},"categories":[5],"tags":[23,63,28,29,2561,32,33,22,30,31,35,39,38,36,37,34,40,20,26,27,24,25,21],"class_list":{"0":"post-13109","1":"post","2":"type-post","3":"status-publish","4":"format-standard","5":"has-post-thumbnail","7":"category-aktualitates","8":"tag-aktualitates","9":"tag-arvalstis","10":"tag-breaking-news","11":"tag-breakingnews","12":"tag-cehija","13":"tag-featured-news","14":"tag-featurednews","15":"tag-headlines","16":"tag-latest-news","17":"tag-latestnews","18":"tag-latvia","19":"tag-latvian","20":"tag-latviesu","21":"tag-latviesu-valoda","22":"tag-latviesuvaloda","23":"tag-latvija","24":"tag-lv","25":"tag-news","26":"tag-popularakas-zinas","27":"tag-popularakaszinas","28":"tag-top-stories","29":"tag-topstories","30":"tag-zinas"},"share_on_mastodon":{"url":"","error":""},"_links":{"self":[{"href":"https:\/\/www.europesays.com\/lv\/wp-json\/wp\/v2\/posts\/13109","targetHints":{"allow":["GET"]}}],"collection":[{"href":"https:\/\/www.europesays.com\/lv\/wp-json\/wp\/v2\/posts"}],"about":[{"href":"https:\/\/www.europesays.com\/lv\/wp-json\/wp\/v2\/types\/post"}],"author":[{"embeddable":true,"href":"https:\/\/www.europesays.com\/lv\/wp-json\/wp\/v2\/users\/2"}],"replies":[{"embeddable":true,"href":"https:\/\/www.europesays.com\/lv\/wp-json\/wp\/v2\/comments?post=13109"}],"version-history":[{"count":0,"href":"https:\/\/www.europesays.com\/lv\/wp-json\/wp\/v2\/posts\/13109\/revisions"}],"wp:featuredmedia":[{"embeddable":true,"href":"https:\/\/www.europesays.com\/lv\/wp-json\/wp\/v2\/media\/13110"}],"wp:attachment":[{"href":"https:\/\/www.europesays.com\/lv\/wp-json\/wp\/v2\/media?parent=13109"}],"wp:term":[{"taxonomy":"category","embeddable":true,"href":"https:\/\/www.europesays.com\/lv\/wp-json\/wp\/v2\/categories?post=13109"},{"taxonomy":"post_tag","embeddable":true,"href":"https:\/\/www.europesays.com\/lv\/wp-json\/wp\/v2\/tags?post=13109"}],"curies":[{"name":"wp","href":"https:\/\/api.w.org\/{rel}","templated":true}]}}