{"id":1311,"date":"2025-09-22T04:56:07","date_gmt":"2025-09-22T04:56:07","guid":{"rendered":"https:\/\/www.europesays.com\/lv\/1311\/"},"modified":"2025-09-22T04:56:07","modified_gmt":"2025-09-22T04:56:07","slug":"tramps-sola-aizstavet-poliju-un-baltijas-valstis-ja-krievija-saasinas-situaciju-dienas-bizness","status":"publish","type":"post","link":"https:\/\/www.europesays.com\/lv\/1311\/","title":{"rendered":"Tramps sola aizst\u0101v\u0113t Poliju un Baltijas valstis, ja Krievija saasin\u0101s situ\u0101ciju :: Dienas Bizness"},"content":{"rendered":"<p class=\"text-font font-size--text-xlarge margin-3--bottom font-weight--bold padding-1--top\">ASV prezidents Donalds Tramps pazi\u0146oja par jaunu muitas tarifu noteik\u0161anu pre\u010du importam no \u0101rvalst\u012bm, tai skait\u0101 da\u017eiem tuviem ASV tirdzniec\u012bbas partneriem, un \u0161is solis var izrais\u012bt posto\u0161u tirdzniec\u012bbas karu.<\/p>\n<p class=\"text-font font-size--text-xlarge margin-3--bottom\">Run\u0101jot Balt\u0101 nama Ro\u017eu d\u0101rz\u0101 uz ASV karogu fona, Tramps pazi\u0146oja par augstu tarifu noteik\u0161anu ASV svar\u012bgajiem tirdzniec\u012bbas partneriem \u0136\u012bnai un Eiropas Savien\u012bbai (ES). Dienu, kur\u0101 vi\u0146\u0161 pazi\u0146oja par jaunajiem tarifiem, Tramps nod\u0113v\u0113ja par &#8220;Atbr\u012bvo\u0161anas dienu&#8221;.<\/p>\n<p class=\"text-font font-size--text-xlarge margin-3--bottom\">Trampa runas laik\u0101 ASV dol\u0101ra v\u0113rt\u012bba pret eiro krit\u0101s par 1%, k\u0101 ar\u012b samazin\u0101j\u0101s pret cit\u0101m svar\u012bg\u0101kaj\u0101m val\u016bt\u0101m.<\/p>\n<p class=\"text-font font-size--text-xlarge margin-3--bottom\">&#8220;Gadu desmitiem m\u016bsu valsts ir tikusi izlaup\u012bta un izvarota, ko dar\u012bju\u0161as tuvas un t\u0101las valstis, gan draugi, gan ienaidnieki,&#8221; sac\u012bja Tramps.<\/p>\n<p class=\"text-font font-size--text-xlarge margin-3--bottom\">Tramps rezerv\u0113ja da\u017eus no smag\u0101kajiem triecieniem &#8220;valst\u012bm, kas slikti izturas pret mums&#8221;, tai skait\u0101 nosakot 49% tarifu prec\u0113m no Kambod\u017eas, 47% &#8211; Madagaskaras, 48% &#8211; Laosas, 46% &#8211; Vjetnamas, 44% &#8211; Mjanmas, 37% &#8211; Banglade\u0161as un Serbijas, 36% &#8211; Taizemes, 34% &#8211; \u0136\u012bnas, 32% &#8211; Indon\u0113zijas un Taiv\u0101nas, 31% &#8211; \u0160veices, 30% &#8211; Dienvid\u0101frikas, 29% &#8211; Pakist\u0101nas, 28% &#8211; Tunisijas, 27% &#8211; Kazahst\u0101nas, 26% &#8211; Indijas, 25% &#8211; Dienvidkorejas, 24% &#8211; Jap\u0101nas un Malaizijas, 21% &#8211; Kotdivu\u0101ras, 20% &#8211; prec\u0113m no ES un Jord\u0101nijas, 18% &#8211; Nikaragvas, 17% &#8211; Filip\u012bn\u0101m un Izra\u0113las, 15% &#8211; prec\u0113m no Norv\u0113\u0123ijas.<\/p>\n","protected":false},"excerpt":{"rendered":"ASV prezidents Donalds Tramps pazi\u0146oja par jaunu muitas tarifu noteik\u0161anu pre\u010du importam no \u0101rvalst\u012bm, tai skait\u0101 da\u017eiem tuviem&hellip;\n","protected":false},"author":2,"featured_media":1312,"comment_status":"","ping_status":"","sticky":false,"template":"","format":"standard","meta":{"footnotes":""},"categories":[14],"tags":[23,57,869,77,870,28,29,867,32,33,22,30,31,35,39,38,36,37,34,871,868,40,20,26,27,24,25,54,55,56,21,58],"class_list":{"0":"post-1311","1":"post","2":"type-post","3":"status-publish","4":"format-standard","5":"has-post-thumbnail","7":"category-zinas-no-arvalstim","8":"tag-aktualitates","9":"tag-arvalstim","10":"tag-biznesa-zinas","11":"tag-bizness","12":"tag-bizness-latvija","13":"tag-breaking-news","14":"tag-breakingnews","15":"tag-dienas-zinas","16":"tag-featured-news","17":"tag-featurednews","18":"tag-headlines","19":"tag-latest-news","20":"tag-latestnews","21":"tag-latvia","22":"tag-latvian","23":"tag-latviesu","24":"tag-latviesu-valoda","25":"tag-latviesuvaloda","26":"tag-latvija","27":"tag-latvijas-biznesa-zinas","28":"tag-latvijas-zinas","29":"tag-lv","30":"tag-news","31":"tag-popularakas-zinas","32":"tag-popularakaszinas","33":"tag-top-stories","34":"tag-topstories","35":"tag-world","36":"tag-world-news","37":"tag-worldnews","38":"tag-zinas","39":"tag-zinas-no-arvalstim"},"share_on_mastodon":{"url":"","error":""},"_links":{"self":[{"href":"https:\/\/www.europesays.com\/lv\/wp-json\/wp\/v2\/posts\/1311","targetHints":{"allow":["GET"]}}],"collection":[{"href":"https:\/\/www.europesays.com\/lv\/wp-json\/wp\/v2\/posts"}],"about":[{"href":"https:\/\/www.europesays.com\/lv\/wp-json\/wp\/v2\/types\/post"}],"author":[{"embeddable":true,"href":"https:\/\/www.europesays.com\/lv\/wp-json\/wp\/v2\/users\/2"}],"replies":[{"embeddable":true,"href":"https:\/\/www.europesays.com\/lv\/wp-json\/wp\/v2\/comments?post=1311"}],"version-history":[{"count":0,"href":"https:\/\/www.europesays.com\/lv\/wp-json\/wp\/v2\/posts\/1311\/revisions"}],"wp:featuredmedia":[{"embeddable":true,"href":"https:\/\/www.europesays.com\/lv\/wp-json\/wp\/v2\/media\/1312"}],"wp:attachment":[{"href":"https:\/\/www.europesays.com\/lv\/wp-json\/wp\/v2\/media?parent=1311"}],"wp:term":[{"taxonomy":"category","embeddable":true,"href":"https:\/\/www.europesays.com\/lv\/wp-json\/wp\/v2\/categories?post=1311"},{"taxonomy":"post_tag","embeddable":true,"href":"https:\/\/www.europesays.com\/lv\/wp-json\/wp\/v2\/tags?post=1311"}],"curies":[{"name":"wp","href":"https:\/\/api.w.org\/{rel}","templated":true}]}}