{"id":13119,"date":"2025-10-05T14:55:07","date_gmt":"2025-10-05T14:55:07","guid":{"rendered":"https:\/\/www.europesays.com\/lv\/13119\/"},"modified":"2025-10-05T14:55:07","modified_gmt":"2025-10-05T14:55:07","slug":"dzordzs-rasels-uzvar-f-1-singapuras-grand-prix","status":"publish","type":"post","link":"https:\/\/www.europesays.com\/lv\/13119\/","title":{"rendered":"D\u017eord\u017es Rasels uzvar F-1 Singap\u016bras &#8220;Grand Prix&#8221;"},"content":{"rendered":"<p>Rasels izc\u012bn\u012bja dro\u0161u pan\u0101kumu, otro reizi \u0161osezon k\u0101pjot uz goda pjedest\u0101la augst\u0101k\u0101 pak\u0101piena. Vi\u0146\u0161 par 5,4 sekund\u0113m apsteidza &#8220;Red Bull&#8221; pilotu Maksu Verstapenu.<\/p>\n<p>Lab\u0101ko trijnieku nosl\u0113dza Lando Noriss (&#8220;McLaren&#8221;), kuram sekoja komandas biedrs Oskars Piastri, abus \u0161\u0137irot aptuveni div\u0101m sekund\u0113m.<\/p>\n<p>Jau sac\u012bkstea ievad\u0101 &#8220;McLaren&#8221; piloti piedz\u012bvoja nelielu sadursmi, p\u0113c kuras abi var\u0113ja turpin\u0101t sac\u012bksti, ta\u010du Piastri sazi\u0146\u0101 ar komandu pauda neapmierin\u0101t\u012bbu par Norisa neveiksm\u012bgo izvair\u012b\u0161anos no konkurenta ma\u0161\u012bnas, kas rezult\u0113j\u0101s ar vieglu sadursmi ar Piastri vad\u012bto ma\u0161\u012bnu.<\/p>\n<p>Piektais fini\u0161\u0113ja uzvar\u0113t\u0101ja komandas biedrs Kimi Antonelli, sestaj\u0101 un sept\u012btaj\u0101 viet\u0101 bija attiec\u012bgi &#8220;Ferrari&#8221; piloti \u0160arls Lekl\u0113rs un Luiss Hamiltons, astotaj\u0101 poz\u012bcij\u0101 ierindoj\u0101s Fernando Alonso (&#8220;Aston Martin&#8221;), dev\u012bto vietu ie\u0146\u0113ma Olivers B\u0113rmans (&#8220;Haas&#8221;), bet pirmo desmitnieku nosl\u0113dza Karloss Sainss (&#8220;Williams&#8221;).<\/p>\n<p>P\u0113c 18 posmiem kopv\u0113rt\u0113juma l\u012bderis ar 336 punktiem ir Piastri, Noriss ir sakr\u0101jis 315, Verstapens &#8211; 273, Rasels &#8211; 237 punktus, bet Lekl\u0113rs &#8211; 173 punktus.<\/p>\n<p>Konstruktoru kaus\u0101 pirmo vietu ar 650 punktiem ie\u0146em &#8220;McLaren&#8221; vien\u012bba, kas k\u013cuvusi nesasniedzama p\u0101r\u0113j\u0101m komand\u0101m. 325 punkti ir &#8220;Mercedes&#8221;, 300 punkti &#8211; &#8220;Ferrari&#8221; un 290 punkti &#8211; &#8220;Red Bull&#8221;.<\/p>\n<p>\u0160osezon F-1 \u010dempion\u0101t\u0101 tiek aizvad\u012bti 24 posmi.<\/p>\n<p>Pag\u0101ju\u0161aj\u0101 sezon\u0101 ceturto reizi p\u0113c k\u0101rtas par \u010dempionu k\u013cuva n\u012bderlandietis Makss Verstapens, bet Konstruktoru kaus\u0101 uzvaru svin\u0113ja &#8220;McLaren&#8221;.<\/p>\n","protected":false},"excerpt":{"rendered":"Rasels izc\u012bn\u012bja dro\u0161u pan\u0101kumu, otro reizi \u0161osezon k\u0101pjot uz goda pjedest\u0101la augst\u0101k\u0101 pak\u0101piena. Vi\u0146\u0161 par 5,4 sekund\u0113m apsteidza&hellip;\n","protected":false},"author":2,"featured_media":13120,"comment_status":"","ping_status":"","sticky":false,"template":"","format":"standard","meta":{"footnotes":""},"categories":[17],"tags":[4423,2467,35,39,38,36,37,34,40,67],"class_list":{"0":"post-13119","1":"post","2":"type-post","3":"status-publish","4":"format-standard","5":"has-post-thumbnail","7":"category-sports","8":"tag-dzordzs-rasels","9":"tag-formula-1","10":"tag-latvia","11":"tag-latvian","12":"tag-latviesu","13":"tag-latviesu-valoda","14":"tag-latviesuvaloda","15":"tag-latvija","16":"tag-lv","17":"tag-sports"},"share_on_mastodon":{"url":"","error":""},"_links":{"self":[{"href":"https:\/\/www.europesays.com\/lv\/wp-json\/wp\/v2\/posts\/13119","targetHints":{"allow":["GET"]}}],"collection":[{"href":"https:\/\/www.europesays.com\/lv\/wp-json\/wp\/v2\/posts"}],"about":[{"href":"https:\/\/www.europesays.com\/lv\/wp-json\/wp\/v2\/types\/post"}],"author":[{"embeddable":true,"href":"https:\/\/www.europesays.com\/lv\/wp-json\/wp\/v2\/users\/2"}],"replies":[{"embeddable":true,"href":"https:\/\/www.europesays.com\/lv\/wp-json\/wp\/v2\/comments?post=13119"}],"version-history":[{"count":0,"href":"https:\/\/www.europesays.com\/lv\/wp-json\/wp\/v2\/posts\/13119\/revisions"}],"wp:featuredmedia":[{"embeddable":true,"href":"https:\/\/www.europesays.com\/lv\/wp-json\/wp\/v2\/media\/13120"}],"wp:attachment":[{"href":"https:\/\/www.europesays.com\/lv\/wp-json\/wp\/v2\/media?parent=13119"}],"wp:term":[{"taxonomy":"category","embeddable":true,"href":"https:\/\/www.europesays.com\/lv\/wp-json\/wp\/v2\/categories?post=13119"},{"taxonomy":"post_tag","embeddable":true,"href":"https:\/\/www.europesays.com\/lv\/wp-json\/wp\/v2\/tags?post=13119"}],"curies":[{"name":"wp","href":"https:\/\/api.w.org\/{rel}","templated":true}]}}