{"id":13128,"date":"2025-10-05T15:10:09","date_gmt":"2025-10-05T15:10:09","guid":{"rendered":"https:\/\/www.europesays.com\/lv\/13128\/"},"modified":"2025-10-05T15:10:09","modified_gmt":"2025-10-05T15:10:09","slug":"noskaidrots-latvijas-iedzivotaju-videjais-vecums-gada-sakuma","status":"publish","type":"post","link":"https:\/\/www.europesays.com\/lv\/13128\/","title":{"rendered":"Noskaidrots Latvijas iedz\u012bvot\u0101ju vid\u0113jais vecums gada s\u0101kum\u0101"},"content":{"rendered":"<p>Sievie\u0161u vid\u0113jais vecums bija 46,2 gadi, bet v\u012brie\u0161u &#8211; 40,3 gadi.<\/p>\n<p>Vienlaikus medi\u0101nas vecums \u0161\u0101 gada s\u0101kum\u0101 bija nedaudz liel\u0101ks &#8211; 44 gadi, kas ir t\u0101ds pats, k\u0101ds bija 2024.gada s\u0101kum\u0101. Tostarp sievie\u0161u medi\u0101nas vecums bija 48 gadi, bet v\u012brie\u0161u &#8211; 41 gads. Medi\u0101nas vecums ir tas vecums, pie kura sabiedr\u012bbas iedz\u012bvot\u0101ju kopskait\u0101 puse cilv\u0113ku ir jaun\u0101ki vai vien\u0101da vecuma un otra puse &#8211; vec\u0101ki vai vien\u0101da vecuma.<\/p>\n<p>Liel\u0101kais vid\u0113jais vecums &#8211; 48,5 gadi &#8211; \u0161\u0101 gada s\u0101kum\u0101 bija Kr\u0101slavas novad\u0101, bet maz\u0101kais &#8211; 35,2 gadi &#8211; M\u0101rupes novad\u0101. Ar\u012b liel\u0101kais medi\u0101nas vecums &#8211; 52 gadi &#8211; bija Kr\u0101slavas novad\u0101, bet maz\u0101kais &#8211; 37 gadi &#8211; M\u0101rupes novad\u0101.<\/p>\n","protected":false},"excerpt":{"rendered":"Sievie\u0161u vid\u0113jais vecums bija 46,2 gadi, bet v\u012brie\u0161u &#8211; 40,3 gadi. Vienlaikus medi\u0101nas vecums \u0161\u0101 gada s\u0101kum\u0101 bija&hellip;\n","protected":false},"author":2,"featured_media":13129,"comment_status":"","ping_status":"","sticky":false,"template":"","format":"standard","meta":{"footnotes":""},"categories":[12],"tags":[23,28,29,4715,32,33,22,2447,30,31,35,39,38,36,37,34,40,20,26,27,24,25,21],"class_list":{"0":"post-13128","1":"post","2":"type-post","3":"status-publish","4":"format-standard","5":"has-post-thumbnail","7":"category-latvija","8":"tag-aktualitates","9":"tag-breaking-news","10":"tag-breakingnews","11":"tag-centrala-statistikas-parvalde","12":"tag-featured-news","13":"tag-featurednews","14":"tag-headlines","15":"tag-iedzivotaji","16":"tag-latest-news","17":"tag-latestnews","18":"tag-latvia","19":"tag-latvian","20":"tag-latviesu","21":"tag-latviesu-valoda","22":"tag-latviesuvaloda","23":"tag-latvija","24":"tag-lv","25":"tag-news","26":"tag-popularakas-zinas","27":"tag-popularakaszinas","28":"tag-top-stories","29":"tag-topstories","30":"tag-zinas"},"share_on_mastodon":{"url":"","error":""},"_links":{"self":[{"href":"https:\/\/www.europesays.com\/lv\/wp-json\/wp\/v2\/posts\/13128","targetHints":{"allow":["GET"]}}],"collection":[{"href":"https:\/\/www.europesays.com\/lv\/wp-json\/wp\/v2\/posts"}],"about":[{"href":"https:\/\/www.europesays.com\/lv\/wp-json\/wp\/v2\/types\/post"}],"author":[{"embeddable":true,"href":"https:\/\/www.europesays.com\/lv\/wp-json\/wp\/v2\/users\/2"}],"replies":[{"embeddable":true,"href":"https:\/\/www.europesays.com\/lv\/wp-json\/wp\/v2\/comments?post=13128"}],"version-history":[{"count":0,"href":"https:\/\/www.europesays.com\/lv\/wp-json\/wp\/v2\/posts\/13128\/revisions"}],"wp:featuredmedia":[{"embeddable":true,"href":"https:\/\/www.europesays.com\/lv\/wp-json\/wp\/v2\/media\/13129"}],"wp:attachment":[{"href":"https:\/\/www.europesays.com\/lv\/wp-json\/wp\/v2\/media?parent=13128"}],"wp:term":[{"taxonomy":"category","embeddable":true,"href":"https:\/\/www.europesays.com\/lv\/wp-json\/wp\/v2\/categories?post=13128"},{"taxonomy":"post_tag","embeddable":true,"href":"https:\/\/www.europesays.com\/lv\/wp-json\/wp\/v2\/tags?post=13128"}],"curies":[{"name":"wp","href":"https:\/\/api.w.org\/{rel}","templated":true}]}}