{"id":131349,"date":"2026-02-15T09:37:09","date_gmt":"2026-02-15T09:37:09","guid":{"rendered":"https:\/\/www.europesays.com\/lv\/131349\/"},"modified":"2026-02-15T09:37:09","modified_gmt":"2026-02-15T09:37:09","slug":"the-sound-poets-izdod-jauno-singlu-dzejnieks-un-muza-ar-martinu-meieru-galvenaja-loma-lente-lv-2","status":"publish","type":"post","link":"https:\/\/www.europesays.com\/lv\/131349\/","title":{"rendered":"\u201eThe Sound Poets\u201d izdod jauno singlu \u201eDzejnieks un m\u016bza\u201d ar M\u0101rti\u0146u Meieru galvenaj\u0101 lom\u0101\u00a0\u2014\u00a0Lente.lv"},"content":{"rendered":"<p>Jaunais singls un videoklips<\/p>\n<p>Melanholisk\u0101 poproka grupa \u201cThe Sound Poets\u201d ir rad\u012bjusi jaunu muzik\u0101lu darbu \u2013 singlu \u201cDzejnieks un m\u016bza\u201d. K\u0101 inform\u0113 port\u0101ls NRA, \u0161o dziesmu papildina ar\u012b iespaid\u012bgs, kinematogr\u0101fisks videoklips, kur\u0101 galven\u0101s lomas atveidot\u0101js ir talant\u012bgais aktieris M\u0101rti\u0146\u0161 Meiers. Gan dziesma, gan klips tika publiski prezent\u0113ti \u0161or\u012bt, 12. febru\u0101r\u012b, raid\u012bjum\u0101 \u201c900 sekund\u0113s\u201d. Singls \u201cDzejnieks un m\u016bza\u201d kalpo k\u0101 priek\u0161v\u0113stnesis grupas gaid\u0101majam studijas albumam, kas pl\u0101nots izdot \u0161\u012b pavasara izska\u0146\u0101.<\/p>\n<p>Muzik\u0101lais un vizu\u0101lais v\u0113st\u012bjums<\/p>\n<p>Grupa solists J\u0101nis Ai\u0161purs dziesmu raksturo k\u0101 p\u0113d\u0113j\u0101 laika jaud\u012bg\u0101ko muzik\u0101lo piedz\u012bvojumu, kas tapis kop\u0101 ar grupu. Vi\u0146apr\u0101t, dziesm\u0101 neapzin\u0101ti, bet ar\u012b apzin\u0101ti, ir iekod\u0113ts kaut kas dzi\u013ci latvisks un sakr\u0101ls, atg\u0101dinot tautasdziesmu sp\u0113ku, pag\u0101nismu un kop\u012bgas l\u016bg\u0161anas saj\u016btu. Lai gan st\u0101sts ir \u013coti personisks, tas atspogu\u013co pla\u0161\u0101ku, kolekt\u012bvu pieredzi.<\/p>\n<p>Videoklipa vizu\u0101lo st\u0101stu rad\u012bjusi re\u017eisore Elizabete Gricmane. Vi\u0146a st\u0101sta par klipa tap\u0161anas procesu: \u201cCilv\u0113ki m\u012blest\u012bbu mekl\u0113 citos, kas to var\u0113tu dot, mant\u0101s, kas to var\u0113tu sniegt, vai notikumos, kas to var\u0113tu pie\u0161\u0137irt. Laika steiga cauri m\u016bsu dien\u0101m liek mums nob\u012bties, ka nepasp\u0113sim izbaud\u012bt \u0161o mirkli un piedz\u012bvot to, p\u0113c k\u0101 tik \u013coti tiecamies. M\u012blest\u012bbu visa s\u0101kum\u0101 mums katram j\u0101iemanto sev\u012b un pret sevi, lai piedz\u012bvotu savu dz\u012bvi, un caur l\u0113npr\u0101t\u012bbu un uztic\u0113\u0161anos dotu sev drosmi atv\u0113rt jaunas durvis uz to, kas m\u0113s v\u0113l tikai b\u016bsim.\u201d.<\/p>\n<p>M\u0101rti\u0146a Meiera dal\u012bba un publicit\u0101te<\/p>\n<p>Galveno lomu videoklip\u0101 uztic\u0113ts Dailes te\u0101tra aktierim M\u0101rti\u0146am Meieram, kur\u0161 ir paz\u012bstams ar savu daudzpus\u012bgo aktiermeistar\u012bbu gan te\u0101tra izr\u0101d\u0113s, gan kino. Gan dziesma, gan klips ir pieejami ar\u012b vis\u0101s liel\u0101kaj\u0101s m\u016bzikas straum\u0113\u0161anas platform\u0101s un grupas YouTube kan\u0101l\u0101. Zi\u0146as par singla un videoklipa izdo\u0161anu public\u0113tas da\u017e\u0101dos medijos, tostarp NRA.lv, Lente.lv un tv3.lv.<\/p>\n<p>Gaid\u0101mais albums un koncerts<\/p>\n<p>Singls \u201cDzejnieks un m\u016bza\u201d ir pirmais jaun\u0101 studijas albuma priek\u0161v\u0113stnesis, kas tiks izdots \u0161\u012b pavasara izska\u0146\u0101. Grupa aicina atz\u012bm\u0113t albuma izn\u0101k\u0161anu un jauno muzik\u0101lo posmu grandioz\u0101 vasaras nosl\u0113guma koncert\u0101, kas norisin\u0101sies 2026. gada 29. august\u0101, Me\u017eaparka Za\u013caj\u0101 te\u0101tr\u012b. Bi\u013cetes uz pas\u0101kumu pieejamas vietn\u0113 www.bilesuserviss.lv.<\/p>\n<p>Par grupu \u201cThe Sound Poets\u201d<\/p>\n<p>\u201cThe Sound Poets\u201d ir latvie\u0161u melanholisk\u0101 poproka grupa, kas kop\u0161 dibin\u0101\u0161anas laidusi klaj\u0101 piecus studijas albumus un uzst\u0101jusies da\u017e\u0101d\u0101s norises viet\u0101s. Grupas kodols koncertos bie\u017ei vien sast\u0101v no J\u0101\u0146a Ai\u0161pura (vok\u0101ls, tausti\u0146instrumenti, \u0123it\u0101ra), Normunda Luk\u0161a (\u0123it\u0101ra), Und\u012bnes Balodes-Blisi\u0146as (\u010dells), K\u0101r\u013ca Josta (bas\u0123it\u0101ra) un P\u0113tera Lund\u0113 (bungas). Vi\u0146u rad\u012bt\u0101s melodijas k\u013cuvu\u0161as par neat\u0146emamu da\u013cu no Latvijas kopdziesm\u0101m, iedvesmojot un vienojot klaus\u012bt\u0101jus.<\/p>\n","protected":false},"excerpt":{"rendered":"Jaunais singls un videoklips Melanholisk\u0101 poproka grupa \u201cThe Sound Poets\u201d ir rad\u012bjusi jaunu muzik\u0101lu darbu \u2013 singlu \u201cDzejnieks&hellip;\n","protected":false},"author":2,"featured_media":131258,"comment_status":"","ping_status":"","sticky":false,"template":"","format":"standard","meta":{"footnotes":"","_share_on_mastodon":"0"},"categories":[19],"tags":[29295,89,90,35,39,38,194,36,37,34,40,16851,6856,441],"class_list":["post-131349","post","type-post","status-publish","format-standard","has-post-thumbnail","category-izklaide","tag-dzejnieks-un-muza","tag-entertainment","tag-izklaide","tag-latvia","tag-latvian","tag-latviesu","tag-latviesu-muzika","tag-latviesu-valoda","tag-latviesuvaloda","tag-latvija","tag-lv","tag-martins-meiers","tag-the-sound-poets","tag-videoklips"],"share_on_mastodon":{"url":"https:\/\/pubeurope.com\/@lv\/116073977872003252","error":""},"_links":{"self":[{"href":"https:\/\/www.europesays.com\/lv\/wp-json\/wp\/v2\/posts\/131349","targetHints":{"allow":["GET"]}}],"collection":[{"href":"https:\/\/www.europesays.com\/lv\/wp-json\/wp\/v2\/posts"}],"about":[{"href":"https:\/\/www.europesays.com\/lv\/wp-json\/wp\/v2\/types\/post"}],"author":[{"embeddable":true,"href":"https:\/\/www.europesays.com\/lv\/wp-json\/wp\/v2\/users\/2"}],"replies":[{"embeddable":true,"href":"https:\/\/www.europesays.com\/lv\/wp-json\/wp\/v2\/comments?post=131349"}],"version-history":[{"count":0,"href":"https:\/\/www.europesays.com\/lv\/wp-json\/wp\/v2\/posts\/131349\/revisions"}],"wp:featuredmedia":[{"embeddable":true,"href":"https:\/\/www.europesays.com\/lv\/wp-json\/wp\/v2\/media\/131258"}],"wp:attachment":[{"href":"https:\/\/www.europesays.com\/lv\/wp-json\/wp\/v2\/media?parent=131349"}],"wp:term":[{"taxonomy":"category","embeddable":true,"href":"https:\/\/www.europesays.com\/lv\/wp-json\/wp\/v2\/categories?post=131349"},{"taxonomy":"post_tag","embeddable":true,"href":"https:\/\/www.europesays.com\/lv\/wp-json\/wp\/v2\/tags?post=131349"}],"curies":[{"name":"wp","href":"https:\/\/api.w.org\/{rel}","templated":true}]}}