{"id":131469,"date":"2026-02-15T12:22:13","date_gmt":"2026-02-15T12:22:13","guid":{"rendered":"https:\/\/www.europesays.com\/lv\/131469\/"},"modified":"2026-02-15T12:22:13","modified_gmt":"2026-02-15T12:22:13","slug":"nujorkas-modes-nedela-%e2%9f%a9-ralph-lauren-renesance","status":"publish","type":"post","link":"https:\/\/www.europesays.com\/lv\/131469\/","title":{"rendered":"\u0145UJORKAS MODES NED\u0112\u013bA \u27e9 Ralph Lauren renesance"},"content":{"rendered":"<p>Iedvesmu rad\u012bjis vi\u0146a \u012bpa\u0161ums Bedford\u0101, \u0145ujorkas \u0161tat\u0101. Telpa \u2014 kuru Lorens jau iepriek\u0161 bija izmantojis 2025. gada rudens skates laik\u0101 \u2014 tika p\u0101rveidota ar individu\u0101li apgleznotiem dekorat\u012bviem sienu gleznojumiem, bag\u0101t\u012bgiem samta aizkariem, vintage pakl\u0101jiem, k\u0101 ar\u012b nodilu\u0161as \u0101das un dz\u012bvnieku rakstu m\u0113bel\u0113m. \u0160\u012b vide lieliski saskan\u0113ja ar kolekcijas pies\u0101tin\u0101to un sl\u0101\u0146aino est\u0113tiku. Lorens sac\u012bja, ka vi\u0146am pat\u012bk \u201cmodes piedz\u012bvojums\u201d, un tie\u0161i tas iedvesmojis \u0161\u012bs sezonas sievieti \u2013 vi\u0146ai noteikti piem\u012bt dumpinieciska daba un p\u0101rliec\u012bba \u201cst\u0101st\u012bt pa\u0161ai savu st\u0101stu\u201d. \u201cVi\u0146a ciena pag\u0101tnes lietu m\u016b\u017e\u012bgo kvalit\u0101ti, ta\u010du sp\u0113j t\u0101s p\u0101rveidot \u0161odienai. Vi\u0146as stilu nedefin\u0113 laiks. Tas ir palieko\u0161s,\u201d piebilda dizainers.<\/p>\n<p>Jau pirms skates tika min\u0113ts, ka kolekcij\u0101 izmantoti vair\u0101k nek\u0101 50 da\u017e\u0101di audumi \u2013 s\u0101kot no Edvarda laika kokvilnas taftas bl\u016bz\u0113m ar krokotu apdari, tv\u012bda piegriezumiem un asiem \u0137\u0113\u017eu bru\u0146u topiem l\u012bdz pat z\u012bda lakatu stiliz\u0101cij\u0101m ar dabas ainavu mot\u012bviem, mas\u012bviem ad\u012bjumiem un bag\u0101t\u012bgiem samta sl\u0101\u0146iem, kas viegli p\u0101riet no dienas t\u0113liem vakara noska\u0146\u0101s.<\/p>\n","protected":false},"excerpt":{"rendered":"Iedvesmu rad\u012bjis vi\u0146a \u012bpa\u0161ums Bedford\u0101, \u0145ujorkas \u0161tat\u0101. Telpa \u2014 kuru Lorens jau iepriek\u0161 bija izmantojis 2025. gada rudens&hellip;\n","protected":false},"author":2,"featured_media":131470,"comment_status":"","ping_status":"","sticky":false,"template":"","format":"standard","meta":{"footnotes":"","_share_on_mastodon":"0"},"categories":[14],"tags":[23,57,28,29,32,33,22,30,31,35,39,38,36,37,34,40,175,3068,20,29332,26,27,24,25,54,55,56,21,58],"class_list":["post-131469","post","type-post","status-publish","format-standard","has-post-thumbnail","category-zinas-no-arvalstim","tag-aktualitates","tag-arvalstim","tag-breaking-news","tag-breakingnews","tag-featured-news","tag-featurednews","tag-headlines","tag-latest-news","tag-latestnews","tag-latvia","tag-latvian","tag-latviesu","tag-latviesu-valoda","tag-latviesuvaloda","tag-latvija","tag-lv","tag-mode","tag-modeles","tag-news","tag-nujorkas-modes-nedela","tag-popularakas-zinas","tag-popularakaszinas","tag-top-stories","tag-topstories","tag-world","tag-world-news","tag-worldnews","tag-zinas","tag-zinas-no-arvalstim"],"share_on_mastodon":{"url":"https:\/\/pubeurope.com\/@lv\/116074626633665643","error":""},"_links":{"self":[{"href":"https:\/\/www.europesays.com\/lv\/wp-json\/wp\/v2\/posts\/131469","targetHints":{"allow":["GET"]}}],"collection":[{"href":"https:\/\/www.europesays.com\/lv\/wp-json\/wp\/v2\/posts"}],"about":[{"href":"https:\/\/www.europesays.com\/lv\/wp-json\/wp\/v2\/types\/post"}],"author":[{"embeddable":true,"href":"https:\/\/www.europesays.com\/lv\/wp-json\/wp\/v2\/users\/2"}],"replies":[{"embeddable":true,"href":"https:\/\/www.europesays.com\/lv\/wp-json\/wp\/v2\/comments?post=131469"}],"version-history":[{"count":0,"href":"https:\/\/www.europesays.com\/lv\/wp-json\/wp\/v2\/posts\/131469\/revisions"}],"wp:featuredmedia":[{"embeddable":true,"href":"https:\/\/www.europesays.com\/lv\/wp-json\/wp\/v2\/media\/131470"}],"wp:attachment":[{"href":"https:\/\/www.europesays.com\/lv\/wp-json\/wp\/v2\/media?parent=131469"}],"wp:term":[{"taxonomy":"category","embeddable":true,"href":"https:\/\/www.europesays.com\/lv\/wp-json\/wp\/v2\/categories?post=131469"},{"taxonomy":"post_tag","embeddable":true,"href":"https:\/\/www.europesays.com\/lv\/wp-json\/wp\/v2\/tags?post=131469"}],"curies":[{"name":"wp","href":"https:\/\/api.w.org\/{rel}","templated":true}]}}